{"id":220147,"date":"2013-08-08T00:00:00","date_gmt":"2013-08-08T00:00:00","guid":{"rendered":"https:\/\/www.ecuadortimes.net\/es\/diario-hoy-enfrenta-crisis-financiera\/"},"modified":"2013-08-08T00:00:00","modified_gmt":"2013-08-08T00:00:00","slug":"diario-hoy-enfrenta-crisis-financiera","status":"publish","type":"post","link":"https:\/\/www.ecuadortimes.net\/es\/diario-hoy-enfrenta-crisis-financiera\/","title":{"rendered":"Diario Hoy enfrenta crisis financiera"},"content":{"rendered":"<div id=\"attachment_123415\" style=\"width: 310px\" class=\"wp-caption alignright\"><img aria-describedby=\"caption-attachment-123415\" loading=\"lazy\" class=\"size-medium wp-image-123415\" title=\"Jaime Mantilla\" alt=\"Jaime Mantilla\" src=\"http:\/\/media.ecuadortimes.net\/2013\/08\/Jaime-Mantilla1-300x196.jpeg\" width=\"300\" height=\"196\" \/><p id=\"caption-attachment-123415\" class=\"wp-caption-text\">Jaime Mantilla<\/p><\/div>\n<p><strong>Tras el impago de sueldo de m\u00e1s de un mes, los trabajadores del Diario Hoy, detuvieron sus labores moment\u00e1neamente para demandar que se cumpla con los pagos de salarios.<\/strong><\/p>\n<p>Despu\u00e9s de las 10h30 tanto el personal administrativo como los<\/p>\n<p>periodistas se concentraron en el patio principal del diario, ubicado en le norte de Quito, antes de reunirse con Jaime Mantilla Anderson, director del medio.<\/p>\n<p>Uno de los trabajadores del diario, quien pidi\u00f3 anonimato, explic\u00f3 que la idea era hacer un pedido para que se cumpla el pago de los salarios pues ya tienen dos quincenas de atrasos y una tercera se aproxima.<\/p>\n<p><strong>De acuerdo con el empleado, Mantilla revel\u00f3 la crisis financiera que el diario enfrenta y que no se puede desconocer. Sin embargo, tras una hora de reuni\u00f3n con el directivo, en el Auditorio del Diario, un vocero de los trabajadores dijo que hubo compromisos por parte de Mantilla y que se honrar\u00e1n los sueldos y todas las obligaciones laborales a la brevedad posible.<\/strong><\/p>\n<p>Tanto los medios p\u00fablicos como la Secretar\u00eda de Comunicaci\u00f3n de la Presidencia de la Rep\u00fablica, transmitieron el pasado 18 y 15 de julio que Editores e Impresores, Edimpres, empresa encargada de editar diario Hoy, ten\u00eda una deuda de $ 780 000 por mora patronal al Instituto Ecuatoriano de Seguridad Social (IESS). Dicha deuda ya fue cancelada, seg\u00fan inform\u00f3 el mismo Instituto.<\/p>\n","protected":false},"excerpt":{"rendered":"<p>Tras el impago de sueldo de m\u00e1s de un mes, los trabajadores del Diario Hoy, detuvieron sus labores moment\u00e1neamente para demandar que se cumpla con los pagos de salarios. Despu\u00e9s de las 10h30 tanto el personal administrativo como los periodistas se concentraron en el patio principal del diario, ubicado en le norte de Quito, antes de reunirse con Jaime Mantilla Anderson, director del medio. Uno de los trabajadores del diario, quien pidi\u00f3 anonimato, explic\u00f3 que la idea era hacer un pedido para que se cumpla el pago de los salarios pues ya tienen dos quincenas de atrasos y una tercera se aproxima. De acuerdo con el empleado, Mantilla revel\u00f3 la crisis financiera que el diario enfrenta y que no se puede desconocer. Sin embargo, tras una hora de reuni\u00f3n con el directivo, en el Auditorio del Diario, un vocero de los trabajadores dijo que hubo compromisos por parte de Mantilla y que se honrar\u00e1n los sueldos y todas las obligaciones laborales a la brevedad posible. Tanto los medios p\u00fablicos como la Secretar\u00eda de Comunicaci\u00f3n de la Presidencia de la Rep\u00fablica, transmitieron el pasado 18 y 15 de julio que Editores e Impresores, Edimpres, empresa encargada de editar diario Hoy, ten\u00eda una deuda de $ 780 000 por mora patronal al Instituto Ecuatoriano de Seguridad Social (IESS). Dicha deuda ya fue cancelada, seg\u00fan inform\u00f3 el mismo Instituto.<\/p>\n","protected":false},"author":1,"featured_media":220148,"comment_status":"open","ping_status":"open","sticky":false,"template":"","format":"standard","meta":[],"categories":[35,37],"tags":[],"_links":{"self":[{"href":"https:\/\/www.ecuadortimes.net\/es\/wp-json\/wp\/v2\/posts\/220147"}],"collection":[{"href":"https:\/\/www.ecuadortimes.net\/es\/wp-json\/wp\/v2\/posts"}],"about":[{"href":"https:\/\/www.ecuadortimes.net\/es\/wp-json\/wp\/v2\/types\/post"}],"author":[{"embeddable":true,"href":"https:\/\/www.ecuadortimes.net\/es\/wp-json\/wp\/v2\/users\/1"}],"replies":[{"embeddable":true,"href":"https:\/\/www.ecuadortimes.net\/es\/wp-json\/wp\/v2\/comments?post=220147"}],"version-history":[{"count":0,"href":"https:\/\/www.ecuadortimes.net\/es\/wp-json\/wp\/v2\/posts\/220147\/revisions"}],"wp:featuredmedia":[{"embeddable":true,"href":"https:\/\/www.ecuadortimes.net\/es\/wp-json\/wp\/v2\/media\/220148"}],"wp:attachment":[{"href":"https:\/\/www.ecuadortimes.net\/es\/wp-json\/wp\/v2\/media?parent=220147"}],"wp:term":[{"taxonomy":"category","embeddable":true,"href":"https:\/\/www.ecuadortimes.net\/es\/wp-json\/wp\/v2\/categories?post=220147"},{"taxonomy":"post_tag","embeddable":true,"href":"https:\/\/www.ecuadortimes.net\/es\/wp-json\/wp\/v2\/tags?post=220147"}],"curies":[{"name":"wp","href":"https:\/\/api.w.org\/{rel}","templated":true}]}}