{"id":220149,"date":"2013-08-08T00:00:00","date_gmt":"2013-08-08T00:00:00","guid":{"rendered":"https:\/\/www.ecuadortimes.net\/es\/alianza-pais-quiere-reeleccion-pero-dice-que-rafael-correa-no-la-busca\/"},"modified":"2013-08-08T00:00:00","modified_gmt":"2013-08-08T00:00:00","slug":"alianza-pais-quiere-reeleccion-pero-dice-que-rafael-correa-no-la-busca","status":"publish","type":"post","link":"https:\/\/www.ecuadortimes.net\/es\/alianza-pais-quiere-reeleccion-pero-dice-que-rafael-correa-no-la-busca\/","title":{"rendered":"Alianza PAIS quiere reelecci\u00f3n, pero dice que Rafael Correa no la busca"},"content":{"rendered":"<p><strong>El movimiento oficialista redact\u00f3 ayer un acuerdo en el que propuso agregar la reelecci\u00f3n indefinida de las autoridades de elecci\u00f3n popular dentro de la Constituci\u00f3n, sin embargo, hoy el secretario de Comunicaci\u00f3n, Fernando Alvarado, dijo que &#8220;Rafael Correa no buscar\u00e1 la reelecci\u00f3n&#8221;.<\/strong><\/p>\n<p><strong>El secretario ejecutivo de Alianza PAIS (AP), Galo Mora, dijo que el presidente no lo ha planteado\u009d y explic\u00f3 que la propuesta pretende evidenciar la &#8220;doble moral&#8221; de ciertos medios de comunicaci\u00f3n que criticaron en su d\u00eda a Correa por optar a la reelecci\u00f3n y ahora apoyan las aspiraciones en el mismo sentido del alcalde de Guayaquil, Jaime Nebot.<\/strong><\/p>\n<div id=\"attachment_123425\" style=\"width: 410px\" class=\"wp-caption aligncenter\"><img aria-describedby=\"caption-attachment-123425\" loading=\"lazy\" class=\"size-full wp-image-123425\" title=\"Galo Mora\" src=\"http:\/\/media.ecuadortimes.net\/2013\/08\/ap-busca-reeleccion-correa-no-quiere-l1.jpg\" alt=\"Galo Mora\" width=\"400\" height=\"269\" \/><p id=\"caption-attachment-123425\" class=\"wp-caption-text\">Galo Mora<\/p><\/div>\n<p>El mandatario ha dicho en varias ocasiones que no tiene intenci\u00f3n de optar a una nueva reelecci\u00f3n y que AP deber\u00eda tener para entonces a otra persona para sustituirle.<\/p>\n<p>La Constituci\u00f3n ecuatoriana, vigente desde 2008, permite una sola vez la reelecci\u00f3n, por lo que Correa, quien fue reelegido en febrero de 2013, no podr\u00e1 aspirar a un nuevo mandato. Su actual gesti\u00f3n finaliza en 2017, tras diez a\u00f1os en el poder.<\/p>\n<p>En cambio Nebot, podr\u00eda volver a presentarse pese a que en 2014, cuando se celebren las pr\u00f3ximas elecciones municipales, completar\u00e1 14 a\u00f1os en el cargo.<\/p>\n","protected":false},"excerpt":{"rendered":"<p>El movimiento oficialista redact\u00f3 ayer un acuerdo en el que propuso agregar la reelecci\u00f3n indefinida de las autoridades de elecci\u00f3n popular dentro de la Constituci\u00f3n, sin embargo, hoy el secretario de Comunicaci\u00f3n, Fernando Alvarado, dijo que &#8220;Rafael Correa no buscar\u00e1 la reelecci\u00f3n&#8221;. El secretario ejecutivo de Alianza PAIS (AP), Galo Mora, dijo que el presidente no lo ha planteado\u009d y explic\u00f3 que la propuesta pretende evidenciar la &#8220;doble moral&#8221; de ciertos medios de comunicaci\u00f3n que criticaron en su d\u00eda a Correa por optar a la reelecci\u00f3n y ahora apoyan las aspiraciones en el mismo sentido del alcalde de Guayaquil, Jaime Nebot. El mandatario ha dicho en varias ocasiones que no tiene intenci\u00f3n de optar a una nueva reelecci\u00f3n y que AP deber\u00eda tener para entonces a otra persona para sustituirle. La Constituci\u00f3n ecuatoriana, vigente desde 2008, permite una sola vez la reelecci\u00f3n, por lo que Correa, quien fue reelegido en febrero de 2013, no podr\u00e1 aspirar a un nuevo mandato. Su actual gesti\u00f3n finaliza en 2017, tras diez a\u00f1os en el poder. En cambio Nebot, podr\u00eda volver a presentarse pese a que en 2014, cuando se celebren las pr\u00f3ximas elecciones municipales, completar\u00e1 14 a\u00f1os en el cargo.<\/p>\n","protected":false},"author":1,"featured_media":220150,"comment_status":"open","ping_status":"open","sticky":false,"template":"","format":"standard","meta":[],"categories":[40,37],"tags":[],"_links":{"self":[{"href":"https:\/\/www.ecuadortimes.net\/es\/wp-json\/wp\/v2\/posts\/220149"}],"collection":[{"href":"https:\/\/www.ecuadortimes.net\/es\/wp-json\/wp\/v2\/posts"}],"about":[{"href":"https:\/\/www.ecuadortimes.net\/es\/wp-json\/wp\/v2\/types\/post"}],"author":[{"embeddable":true,"href":"https:\/\/www.ecuadortimes.net\/es\/wp-json\/wp\/v2\/users\/1"}],"replies":[{"embeddable":true,"href":"https:\/\/www.ecuadortimes.net\/es\/wp-json\/wp\/v2\/comments?post=220149"}],"version-history":[{"count":0,"href":"https:\/\/www.ecuadortimes.net\/es\/wp-json\/wp\/v2\/posts\/220149\/revisions"}],"wp:featuredmedia":[{"embeddable":true,"href":"https:\/\/www.ecuadortimes.net\/es\/wp-json\/wp\/v2\/media\/220150"}],"wp:attachment":[{"href":"https:\/\/www.ecuadortimes.net\/es\/wp-json\/wp\/v2\/media?parent=220149"}],"wp:term":[{"taxonomy":"category","embeddable":true,"href":"https:\/\/www.ecuadortimes.net\/es\/wp-json\/wp\/v2\/categories?post=220149"},{"taxonomy":"post_tag","embeddable":true,"href":"https:\/\/www.ecuadortimes.net\/es\/wp-json\/wp\/v2\/tags?post=220149"}],"curies":[{"name":"wp","href":"https:\/\/api.w.org\/{rel}","templated":true}]}}