{"id":220153,"date":"2013-08-08T00:00:00","date_gmt":"2013-08-08T00:00:00","guid":{"rendered":"https:\/\/www.ecuadortimes.net\/es\/hasta-3-anos-de-prision-implicaria-delito-de-linchamiento-mediatico\/"},"modified":"2013-08-08T00:00:00","modified_gmt":"2013-08-08T00:00:00","slug":"hasta-3-anos-de-prision-implicaria-delito-de-linchamiento-mediatico","status":"publish","type":"post","link":"https:\/\/www.ecuadortimes.net\/es\/hasta-3-anos-de-prision-implicaria-delito-de-linchamiento-mediatico\/","title":{"rendered":"Hasta 3 a\u00f1os de prisi\u00f3n implicar\u00eda delito de linchamiento medi\u00e1tico"},"content":{"rendered":"<p><strong>Esa podr\u00eda ser la pena sancionaria por cometer el delito de linchamiento medi\u00e1tico, t\u00e9rmino que fue introducido en la recientemente aprobada Ley de Comunicaci\u00f3n.<\/strong><\/p>\n<p><strong>La propuesta de castigar con 1 a 3 a\u00f1os de prisi\u00f3n fue iniciativa de la asamble\u00edsta de Alianza PAIS (AP), Mar\u00eda Augusta Calle, con el fin de introducirlo en el nuevo C\u00f3digo Integral Penal, el cual est\u00e1 siendo analizado en la Comisi\u00f3n de Justicia y Estructura del Estado, a cargo del asamble\u00edsta Mauro Andino.<\/strong><\/p>\n<p>La propuesta tambi\u00e9n establece una multa del 2% de la facturaci\u00f3n mensual de los medios de comunicaci\u00f3n y el 4% si hay una reiteraci\u00f3n del delito.<\/p>\n<p>La Comisi\u00f3n de Justicia deber\u00e1 definir en los pr\u00f3ximos d\u00edas si acepta o no la propuesta para su posterior debate.<\/p>\n<p>El art\u00edculo 26 de la Ley Org\u00e1nica de Comunicaci\u00f3n que se refiere al linchamiento medi\u00e1tico se\u00f1ala: &#8220;Queda prohibida la difusi\u00f3n de informaci\u00f3n que, de manera directa o a trav\u00e9s de terceros, sea producida de forma concertada y publicada reiterativamente a trav\u00e9s de uno o m\u00e1s medios de comunicaci\u00f3n con el prop\u00f3sito de desprestigiar a una persona natural o jur\u00eddica o reducir su credibilidad p\u00fablica&#8221;.<\/p>\n<div id=\"attachment_123448\" style=\"width: 510px\" class=\"wp-caption aligncenter\"><img aria-describedby=\"caption-attachment-123448\" loading=\"lazy\" class=\"size-full wp-image-123448\" title=\"Mar\u00eda Augusta Calle\" src=\"http:\/\/media.ecuadortimes.net\/2013\/08\/linchamiento-mediatico-pena-1-a-3-anos-l1.jpg\" alt=\"Mar\u00eda Augusta Calle\" width=\"500\" height=\"333\" \/><p id=\"caption-attachment-123448\" class=\"wp-caption-text\">Mar\u00eda Augusta Calle<\/p><\/div>\n","protected":false},"excerpt":{"rendered":"<p>Esa podr\u00eda ser la pena sancionaria por cometer el delito de linchamiento medi\u00e1tico, t\u00e9rmino que fue introducido en la recientemente aprobada Ley de Comunicaci\u00f3n. La propuesta de castigar con 1 a 3 a\u00f1os de prisi\u00f3n fue iniciativa de la asamble\u00edsta de Alianza PAIS (AP), Mar\u00eda Augusta Calle, con el fin de introducirlo en el nuevo C\u00f3digo Integral Penal, el cual est\u00e1 siendo analizado en la Comisi\u00f3n de Justicia y Estructura del Estado, a cargo del asamble\u00edsta Mauro Andino. La propuesta tambi\u00e9n establece una multa del 2% de la facturaci\u00f3n mensual de los medios de comunicaci\u00f3n y el 4% si hay una reiteraci\u00f3n del delito. La Comisi\u00f3n de Justicia deber\u00e1 definir en los pr\u00f3ximos d\u00edas si acepta o no la propuesta para su posterior debate. El art\u00edculo 26 de la Ley Org\u00e1nica de Comunicaci\u00f3n que se refiere al linchamiento medi\u00e1tico se\u00f1ala: &#8220;Queda prohibida la difusi\u00f3n de informaci\u00f3n que, de manera directa o a trav\u00e9s de terceros, sea producida de forma concertada y publicada reiterativamente a trav\u00e9s de uno o m\u00e1s medios de comunicaci\u00f3n con el prop\u00f3sito de desprestigiar a una persona natural o jur\u00eddica o reducir su credibilidad p\u00fablica&#8221;.<\/p>\n","protected":false},"author":1,"featured_media":220154,"comment_status":"open","ping_status":"open","sticky":false,"template":"","format":"standard","meta":[],"categories":[40,37],"tags":[],"_links":{"self":[{"href":"https:\/\/www.ecuadortimes.net\/es\/wp-json\/wp\/v2\/posts\/220153"}],"collection":[{"href":"https:\/\/www.ecuadortimes.net\/es\/wp-json\/wp\/v2\/posts"}],"about":[{"href":"https:\/\/www.ecuadortimes.net\/es\/wp-json\/wp\/v2\/types\/post"}],"author":[{"embeddable":true,"href":"https:\/\/www.ecuadortimes.net\/es\/wp-json\/wp\/v2\/users\/1"}],"replies":[{"embeddable":true,"href":"https:\/\/www.ecuadortimes.net\/es\/wp-json\/wp\/v2\/comments?post=220153"}],"version-history":[{"count":0,"href":"https:\/\/www.ecuadortimes.net\/es\/wp-json\/wp\/v2\/posts\/220153\/revisions"}],"wp:featuredmedia":[{"embeddable":true,"href":"https:\/\/www.ecuadortimes.net\/es\/wp-json\/wp\/v2\/media\/220154"}],"wp:attachment":[{"href":"https:\/\/www.ecuadortimes.net\/es\/wp-json\/wp\/v2\/media?parent=220153"}],"wp:term":[{"taxonomy":"category","embeddable":true,"href":"https:\/\/www.ecuadortimes.net\/es\/wp-json\/wp\/v2\/categories?post=220153"},{"taxonomy":"post_tag","embeddable":true,"href":"https:\/\/www.ecuadortimes.net\/es\/wp-json\/wp\/v2\/tags?post=220153"}],"curies":[{"name":"wp","href":"https:\/\/api.w.org\/{rel}","templated":true}]}}