{"id":220155,"date":"2013-08-08T00:00:00","date_gmt":"2013-08-08T00:00:00","guid":{"rendered":"https:\/\/www.ecuadortimes.net\/es\/seis-muertos-por-enfrentamiento-militar-en-frontera-norte\/"},"modified":"2013-08-08T00:00:00","modified_gmt":"2013-08-08T00:00:00","slug":"seis-muertos-por-enfrentamiento-militar-en-frontera-norte","status":"publish","type":"post","link":"https:\/\/www.ecuadortimes.net\/es\/seis-muertos-por-enfrentamiento-militar-en-frontera-norte\/","title":{"rendered":"Seis muertos por enfrentamiento militar en frontera norte"},"content":{"rendered":"<div id=\"attachment_123459\" style=\"width: 310px\" class=\"wp-caption alignleft\"><img aria-describedby=\"caption-attachment-123459\" loading=\"lazy\" class=\"size-medium wp-image-123459\" title=\"Ministra de Defensa, Mar\u00eda Fernanda Espinosa\" src=\"http:\/\/media.ecuadortimes.net\/2013\/08\/Maria-Fernanda-Espinosa1-300x210.png\" alt=\"Ministra de Defensa, Mar\u00eda Fernanda Espinosa\" width=\"300\" height=\"210\" \/><p id=\"caption-attachment-123459\" class=\"wp-caption-text\">Ministra de Defensa, Mar\u00eda Fernanda Espinosa<\/p><\/div>\n<p><strong>El teniente de infanter\u00eda del Ej\u00e9rcito ecuatoriano, Diego Armando Maldonado G\u00f3mez, de 28 a\u00f1os, y cinco paramilitares, cayeron abatidos este jueves en un enfrentamiento con un grupo ilegal armado de Colombia.<\/strong><\/p>\n<p>El cruce de fuego se suscit\u00f3 en la zona fronteriza de la provincia de Sucumb\u00edos, en el norte de Ecuador, inform\u00f3 a la AFP una fuente oficial.<\/p>\n<p>Delgado muri\u00f3 durante el enfrentamiento con el grupo ilegal armado (GIA), el que aparentemente dispar\u00f3 primero contra el grupo de operaciones militares de vigilancia del territorio nacional, personal del Comando Operacional N\u00ba1.<\/p>\n<p>Las cinco muertes del GIA se dieron durante el escape de los ilegales. <strong>De acuerdo con la Ministra de Defensa, Mar\u00eda Fernanda Espinosa, hay otros dos miembros del grupo guerrillero bajo custodia de las Fuerzas Armadas Ecuatorianas<\/strong>.<\/p>\n","protected":false},"excerpt":{"rendered":"<p>El teniente de infanter\u00eda del Ej\u00e9rcito ecuatoriano, Diego Armando Maldonado G\u00f3mez, de 28 a\u00f1os, y cinco paramilitares, cayeron abatidos este jueves en un enfrentamiento con un grupo ilegal armado de Colombia. El cruce de fuego se suscit\u00f3 en la zona fronteriza de la provincia de Sucumb\u00edos, en el norte de Ecuador, inform\u00f3 a la AFP una fuente oficial. Delgado muri\u00f3 durante el enfrentamiento con el grupo ilegal armado (GIA), el que aparentemente dispar\u00f3 primero contra el grupo de operaciones militares de vigilancia del territorio nacional, personal del Comando Operacional N\u00ba1. Las cinco muertes del GIA se dieron durante el escape de los ilegales. De acuerdo con la Ministra de Defensa, Mar\u00eda Fernanda Espinosa, hay otros dos miembros del grupo guerrillero bajo custodia de las Fuerzas Armadas Ecuatorianas.<\/p>\n","protected":false},"author":1,"featured_media":220156,"comment_status":"open","ping_status":"open","sticky":false,"template":"","format":"standard","meta":[],"categories":[40,37],"tags":[],"_links":{"self":[{"href":"https:\/\/www.ecuadortimes.net\/es\/wp-json\/wp\/v2\/posts\/220155"}],"collection":[{"href":"https:\/\/www.ecuadortimes.net\/es\/wp-json\/wp\/v2\/posts"}],"about":[{"href":"https:\/\/www.ecuadortimes.net\/es\/wp-json\/wp\/v2\/types\/post"}],"author":[{"embeddable":true,"href":"https:\/\/www.ecuadortimes.net\/es\/wp-json\/wp\/v2\/users\/1"}],"replies":[{"embeddable":true,"href":"https:\/\/www.ecuadortimes.net\/es\/wp-json\/wp\/v2\/comments?post=220155"}],"version-history":[{"count":0,"href":"https:\/\/www.ecuadortimes.net\/es\/wp-json\/wp\/v2\/posts\/220155\/revisions"}],"wp:featuredmedia":[{"embeddable":true,"href":"https:\/\/www.ecuadortimes.net\/es\/wp-json\/wp\/v2\/media\/220156"}],"wp:attachment":[{"href":"https:\/\/www.ecuadortimes.net\/es\/wp-json\/wp\/v2\/media?parent=220155"}],"wp:term":[{"taxonomy":"category","embeddable":true,"href":"https:\/\/www.ecuadortimes.net\/es\/wp-json\/wp\/v2\/categories?post=220155"},{"taxonomy":"post_tag","embeddable":true,"href":"https:\/\/www.ecuadortimes.net\/es\/wp-json\/wp\/v2\/tags?post=220155"}],"curies":[{"name":"wp","href":"https:\/\/api.w.org\/{rel}","templated":true}]}}