{"id":220157,"date":"2013-08-08T00:00:00","date_gmt":"2013-08-08T00:00:00","guid":{"rendered":"https:\/\/www.ecuadortimes.net\/es\/un-documental-sobre-labor-social-de-futbolistas-de-el-chota\/"},"modified":"2013-08-08T00:00:00","modified_gmt":"2013-08-08T00:00:00","slug":"un-documental-sobre-labor-social-de-futbolistas-de-el-chota","status":"publish","type":"post","link":"https:\/\/www.ecuadortimes.net\/es\/un-documental-sobre-labor-social-de-futbolistas-de-el-chota\/","title":{"rendered":"Un documental sobre labor social de futbolistas de El Chota"},"content":{"rendered":"<p><img loading=\"lazy\" class=\"size-medium wp-image-123470 alignright\" title=\"Screen Shot 2013-08-08 at 17.02.19\" src=\"http:\/\/media.ecuadortimes.net\/2013\/08\/Screen-Shot-2013-08-08-at-17.02.191-300x201.png\" alt=\"\" width=\"300\" height=\"201\" \/>La cineasta ecuatoriana Betty Bastidas, radicada en Nueva York, present\u00f3 su trabajo &#8220;Dreamtown&#8221;, el cual cuenta la historia de futbolistas afroecuatorianos que lograron el \u00e9xito a trav\u00e9s de este deporte para sacar adelante a los pueblos de la regi\u00f3n del valle de El Chota, en la sierra ecuatoriana.<\/p>\n<p>En este proyecto, el cual tuvo un costo de 35 000 d\u00f3lares, habla de leyendas del f\u00fatbol local, como por ejemplo Ulises de la Cruz, quien fue a dos copas mundiales, tuvo mucho \u00e9xito con su carrera y regres\u00f3 a su regi\u00f3n del valle de El Chota, de gente pobre y que estaba olvidada&#8221;, dijo Betty.<\/p>\n<p>Bastidas dijo a Efe que en su trayectoria, a De la Cruz le vali\u00f3 respeto y dignidad\u009d lo que dio visibilidad a la regi\u00f3n y sus condiciones de vida. Asegura tambi\u00e9n que El Chota es uno de los lugares ecuatorianos con mayor poblaci\u00f3n de futbolistas per c\u00e1pita, y dijo que siete jugadores de la regi\u00f3n participaron en los mundiales de\u00a0 f\u00fatbol de Corea-Jap\u00f3n 2002 y Alemania 2010.<\/p>\n<p>&#8220;Hemos estado trabajando en este proyecto seis a\u00f1os. Creemos en el poder de esta historia y la importancia de documentar y hacer visibles la realidad de las regiones del Ecuador que luchan por la justicia social y necesitan servicios b\u00e1sicos&#8221;, indica Bastidas en la p\u00e1gina de Kickstarter.<\/p>\n<p>El documental narra tambi\u00e9n la historia de Carlos Maldonado, de 24 a\u00f1os y de An\u00edbal Chal\u00e1, de 16 a\u00f1os, a quien Bastidas sigui\u00f3 durante tres a\u00f1os y quien tuvo que dejar la escuela porque su familia no pod\u00eda afrontar el gasto.<\/p>\n","protected":false},"excerpt":{"rendered":"<p>La cineasta ecuatoriana Betty Bastidas, radicada en Nueva York, present\u00f3 su trabajo &#8220;Dreamtown&#8221;, el cual cuenta la historia de futbolistas afroecuatorianos que lograron el \u00e9xito a trav\u00e9s de este deporte para sacar adelante a los pueblos de la regi\u00f3n del valle de El Chota, en la sierra ecuatoriana. En este proyecto, el cual tuvo un costo de 35 000 d\u00f3lares, habla de leyendas del f\u00fatbol local, como por ejemplo Ulises de la Cruz, quien fue a dos copas mundiales, tuvo mucho \u00e9xito con su carrera y regres\u00f3 a su regi\u00f3n del valle de El Chota, de gente pobre y que estaba olvidada&#8221;, dijo Betty. Bastidas dijo a Efe que en su trayectoria, a De la Cruz le vali\u00f3 respeto y dignidad\u009d lo que dio visibilidad a la regi\u00f3n y sus condiciones de vida. Asegura tambi\u00e9n que El Chota es uno de los lugares ecuatorianos con mayor poblaci\u00f3n de futbolistas per c\u00e1pita, y dijo que siete jugadores de la regi\u00f3n participaron en los mundiales de\u00a0 f\u00fatbol de Corea-Jap\u00f3n 2002 y Alemania 2010. &#8220;Hemos estado trabajando en este proyecto seis a\u00f1os. Creemos en el poder de esta historia y la importancia de documentar y hacer visibles la realidad de las regiones del Ecuador que luchan por la justicia social y necesitan servicios b\u00e1sicos&#8221;, indica Bastidas en la p\u00e1gina de Kickstarter. El documental narra tambi\u00e9n la historia de Carlos Maldonado, de 24 a\u00f1os y de An\u00edbal Chal\u00e1, de 16 a\u00f1os, a quien Bastidas sigui\u00f3 durante tres a\u00f1os y quien tuvo que dejar la escuela porque su familia no pod\u00eda afrontar el gasto.<\/p>\n","protected":false},"author":1,"featured_media":0,"comment_status":"open","ping_status":"open","sticky":false,"template":"","format":"standard","meta":[],"categories":[47,44,42,37,49],"tags":[],"_links":{"self":[{"href":"https:\/\/www.ecuadortimes.net\/es\/wp-json\/wp\/v2\/posts\/220157"}],"collection":[{"href":"https:\/\/www.ecuadortimes.net\/es\/wp-json\/wp\/v2\/posts"}],"about":[{"href":"https:\/\/www.ecuadortimes.net\/es\/wp-json\/wp\/v2\/types\/post"}],"author":[{"embeddable":true,"href":"https:\/\/www.ecuadortimes.net\/es\/wp-json\/wp\/v2\/users\/1"}],"replies":[{"embeddable":true,"href":"https:\/\/www.ecuadortimes.net\/es\/wp-json\/wp\/v2\/comments?post=220157"}],"version-history":[{"count":0,"href":"https:\/\/www.ecuadortimes.net\/es\/wp-json\/wp\/v2\/posts\/220157\/revisions"}],"wp:attachment":[{"href":"https:\/\/www.ecuadortimes.net\/es\/wp-json\/wp\/v2\/media?parent=220157"}],"wp:term":[{"taxonomy":"category","embeddable":true,"href":"https:\/\/www.ecuadortimes.net\/es\/wp-json\/wp\/v2\/categories?post=220157"},{"taxonomy":"post_tag","embeddable":true,"href":"https:\/\/www.ecuadortimes.net\/es\/wp-json\/wp\/v2\/tags?post=220157"}],"curies":[{"name":"wp","href":"https:\/\/api.w.org\/{rel}","templated":true}]}}