{"id":220168,"date":"2013-08-09T00:00:00","date_gmt":"2013-08-09T00:00:00","guid":{"rendered":"https:\/\/www.ecuadortimes.net\/es\/capriles-insiste-en-que-gano-elecciones-venezolanas\/"},"modified":"2013-08-09T00:00:00","modified_gmt":"2013-08-09T00:00:00","slug":"capriles-insiste-en-que-gano-elecciones-venezolanas","status":"publish","type":"post","link":"https:\/\/www.ecuadortimes.net\/es\/capriles-insiste-en-que-gano-elecciones-venezolanas\/","title":{"rendered":"Capriles insiste en que gan\u00f3 elecciones venezolanas"},"content":{"rendered":"<p><strong>El ex candidato presidencial y l\u00edder opositor de Venezuela, Henrique Capriles, asegur\u00f3 ayer que la decisi\u00f3n del Tribunal Supremo de Justicia (TSJ) de declarar &#8220;inadmisible&#8221; su solicitud de impugnaci\u00f3n de las elecciones presidenciales del pasado 14 de abril, solo deja m\u00e1s que claro\u009d que el fue el verdadero ganador.<\/strong><\/p>\n<p><strong>Adem\u00e1s de rechazar la impugnaci\u00f3n, el TSJ tambi\u00e9n decidi\u00f3 que la demanda de Capriles contiene conceptos ofensivos e irrespetuosos en contra de esta Sala y otros \u00f3rganos del Poder P\u00fablico\u009d por lo que se estableci\u00f3 una multa de $ 1 700 y la posibilidad de ser procesado, seg\u00fan un comunicado del \u00f3rgano judicial.<\/strong><\/p>\n<p>Por su parte, Capriles reiter\u00f3 que recurrir\u00e1 a instancias internacionales para defender los derechos\u009d de los venezolanos y subray\u00f3 que lo inadmisible en Venezuela es la falta de justicia, la corrupci\u00f3n del Gobierno\u009d y la inseguridad.<\/p>\n<p>Miren, excelent\u00edsimos magistrados del Tribunal Supremo de Justicia, yo no voy a descansar hasta que en este pa\u00eds haya justicia para los venezolanos\u009d, expres\u00f3 el opositor.<\/p>\n","protected":false},"excerpt":{"rendered":"<p>El ex candidato presidencial y l\u00edder opositor de Venezuela, Henrique Capriles, asegur\u00f3 ayer que la decisi\u00f3n del Tribunal Supremo de Justicia (TSJ) de declarar &#8220;inadmisible&#8221; su solicitud de impugnaci\u00f3n de las elecciones presidenciales del pasado 14 de abril, solo deja m\u00e1s que claro\u009d que el fue el verdadero ganador. Adem\u00e1s de rechazar la impugnaci\u00f3n, el TSJ tambi\u00e9n decidi\u00f3 que la demanda de Capriles contiene conceptos ofensivos e irrespetuosos en contra de esta Sala y otros \u00f3rganos del Poder P\u00fablico\u009d por lo que se estableci\u00f3 una multa de $ 1 700 y la posibilidad de ser procesado, seg\u00fan un comunicado del \u00f3rgano judicial. Por su parte, Capriles reiter\u00f3 que recurrir\u00e1 a instancias internacionales para defender los derechos\u009d de los venezolanos y subray\u00f3 que lo inadmisible en Venezuela es la falta de justicia, la corrupci\u00f3n del Gobierno\u009d y la inseguridad. Miren, excelent\u00edsimos magistrados del Tribunal Supremo de Justicia, yo no voy a descansar hasta que en este pa\u00eds haya justicia para los venezolanos\u009d, expres\u00f3 el opositor.<\/p>\n","protected":false},"author":1,"featured_media":220169,"comment_status":"open","ping_status":"open","sticky":false,"template":"","format":"standard","meta":[],"categories":[34,37],"tags":[],"_links":{"self":[{"href":"https:\/\/www.ecuadortimes.net\/es\/wp-json\/wp\/v2\/posts\/220168"}],"collection":[{"href":"https:\/\/www.ecuadortimes.net\/es\/wp-json\/wp\/v2\/posts"}],"about":[{"href":"https:\/\/www.ecuadortimes.net\/es\/wp-json\/wp\/v2\/types\/post"}],"author":[{"embeddable":true,"href":"https:\/\/www.ecuadortimes.net\/es\/wp-json\/wp\/v2\/users\/1"}],"replies":[{"embeddable":true,"href":"https:\/\/www.ecuadortimes.net\/es\/wp-json\/wp\/v2\/comments?post=220168"}],"version-history":[{"count":0,"href":"https:\/\/www.ecuadortimes.net\/es\/wp-json\/wp\/v2\/posts\/220168\/revisions"}],"wp:featuredmedia":[{"embeddable":true,"href":"https:\/\/www.ecuadortimes.net\/es\/wp-json\/wp\/v2\/media\/220169"}],"wp:attachment":[{"href":"https:\/\/www.ecuadortimes.net\/es\/wp-json\/wp\/v2\/media?parent=220168"}],"wp:term":[{"taxonomy":"category","embeddable":true,"href":"https:\/\/www.ecuadortimes.net\/es\/wp-json\/wp\/v2\/categories?post=220168"},{"taxonomy":"post_tag","embeddable":true,"href":"https:\/\/www.ecuadortimes.net\/es\/wp-json\/wp\/v2\/tags?post=220168"}],"curies":[{"name":"wp","href":"https:\/\/api.w.org\/{rel}","templated":true}]}}