{"id":220180,"date":"2013-08-08T00:00:00","date_gmt":"2013-08-08T00:00:00","guid":{"rendered":"https:\/\/www.ecuadortimes.net\/es\/satelite-boliviano-sera-lanzado-desde-china-en-diciembre\/"},"modified":"2013-08-08T00:00:00","modified_gmt":"2013-08-08T00:00:00","slug":"satelite-boliviano-sera-lanzado-desde-china-en-diciembre","status":"publish","type":"post","link":"https:\/\/www.ecuadortimes.net\/es\/satelite-boliviano-sera-lanzado-desde-china-en-diciembre\/","title":{"rendered":"Sat\u00e9lite boliviano ser\u00e1 lanzado desde China en diciembre"},"content":{"rendered":"<p>T\u00fapac Katari&#8221; es el nombre del dispositivo, inform\u00f3 Iv\u00e1n Zambrana, director de la Agencia Boliviana Espacial (ABE), quien dijo que el despegue le brindar\u00e1 al pa\u00eds andino &#8220;soberan\u00eda en el manejo de sus comunicaciones\u009d. La \u00f3rbita asignada para el sat\u00e9lite es de 87.2 grados al oeste sobre la l\u00ednea del Ecuador, lo que viene a ser sobre las islas Gal\u00e1pagos.<\/p>\n<p>&#8220;Es un paso significativo en el campo cient\u00edfico tecnol\u00f3gico que le va a dar al pa\u00eds la soberan\u00eda en el manejo de sus comunicaciones por sat\u00e9lite, ya no vamos a usar sat\u00e9lites extranjeros&#8221;, afirm\u00f3 Zambrana.<\/p>\n<p>Para el lanzamiento, China otorg\u00f3 un cr\u00e9dito de 256 millones de d\u00f3lares, mientras La Paz desembolsar\u00e1 otros 44 millones de d\u00f3lares, como fondos de contrapartida.<\/p>\n<p>El gobierno boliviano bautiz\u00f3 su primer sat\u00e9lite, a lanzarse el 20 de diciembre pr\u00f3ximo, como T\u00fapac Katari, en honor al legendario rebelde aymara que comand\u00f3 revueltas populares contra la corona espa\u00f1ola en el siglo XVIII.<\/p>\n","protected":false},"excerpt":{"rendered":"<p>T\u00fapac Katari&#8221; es el nombre del dispositivo, inform\u00f3 Iv\u00e1n Zambrana, director de la Agencia Boliviana Espacial (ABE), quien dijo que el despegue le brindar\u00e1 al pa\u00eds andino &#8220;soberan\u00eda en el manejo de sus comunicaciones\u009d. La \u00f3rbita asignada para el sat\u00e9lite es de 87.2 grados al oeste sobre la l\u00ednea del Ecuador, lo que viene a ser sobre las islas Gal\u00e1pagos. &#8220;Es un paso significativo en el campo cient\u00edfico tecnol\u00f3gico que le va a dar al pa\u00eds la soberan\u00eda en el manejo de sus comunicaciones por sat\u00e9lite, ya no vamos a usar sat\u00e9lites extranjeros&#8221;, afirm\u00f3 Zambrana. Para el lanzamiento, China otorg\u00f3 un cr\u00e9dito de 256 millones de d\u00f3lares, mientras La Paz desembolsar\u00e1 otros 44 millones de d\u00f3lares, como fondos de contrapartida. El gobierno boliviano bautiz\u00f3 su primer sat\u00e9lite, a lanzarse el 20 de diciembre pr\u00f3ximo, como T\u00fapac Katari, en honor al legendario rebelde aymara que comand\u00f3 revueltas populares contra la corona espa\u00f1ola en el siglo XVIII.<\/p>\n","protected":false},"author":1,"featured_media":220181,"comment_status":"open","ping_status":"open","sticky":false,"template":"","format":"standard","meta":[],"categories":[36,37],"tags":[],"_links":{"self":[{"href":"https:\/\/www.ecuadortimes.net\/es\/wp-json\/wp\/v2\/posts\/220180"}],"collection":[{"href":"https:\/\/www.ecuadortimes.net\/es\/wp-json\/wp\/v2\/posts"}],"about":[{"href":"https:\/\/www.ecuadortimes.net\/es\/wp-json\/wp\/v2\/types\/post"}],"author":[{"embeddable":true,"href":"https:\/\/www.ecuadortimes.net\/es\/wp-json\/wp\/v2\/users\/1"}],"replies":[{"embeddable":true,"href":"https:\/\/www.ecuadortimes.net\/es\/wp-json\/wp\/v2\/comments?post=220180"}],"version-history":[{"count":0,"href":"https:\/\/www.ecuadortimes.net\/es\/wp-json\/wp\/v2\/posts\/220180\/revisions"}],"wp:featuredmedia":[{"embeddable":true,"href":"https:\/\/www.ecuadortimes.net\/es\/wp-json\/wp\/v2\/media\/220181"}],"wp:attachment":[{"href":"https:\/\/www.ecuadortimes.net\/es\/wp-json\/wp\/v2\/media?parent=220180"}],"wp:term":[{"taxonomy":"category","embeddable":true,"href":"https:\/\/www.ecuadortimes.net\/es\/wp-json\/wp\/v2\/categories?post=220180"},{"taxonomy":"post_tag","embeddable":true,"href":"https:\/\/www.ecuadortimes.net\/es\/wp-json\/wp\/v2\/tags?post=220180"}],"curies":[{"name":"wp","href":"https:\/\/api.w.org\/{rel}","templated":true}]}}