{"id":220182,"date":"2013-08-09T00:00:00","date_gmt":"2013-08-09T00:00:00","guid":{"rendered":"https:\/\/www.ecuadortimes.net\/es\/barcelona-eliminado-independiente-paso\/"},"modified":"2013-08-09T00:00:00","modified_gmt":"2013-08-09T00:00:00","slug":"barcelona-eliminado-independiente-paso","status":"publish","type":"post","link":"https:\/\/www.ecuadortimes.net\/es\/barcelona-eliminado-independiente-paso\/","title":{"rendered":"Barcelona eliminado, Independiente pas\u00f3"},"content":{"rendered":"<div id=\"attachment_123586\" style=\"width: 310px\" class=\"wp-caption alignright\"><img aria-describedby=\"caption-attachment-123586\" loading=\"lazy\" class=\"size-medium wp-image-123586\" title=\"Barcelona SC descalificado de torneo\" src=\"http:\/\/media.ecuadortimes.net\/2013\/08\/Barcelona-gone-from-tournament3-300x225.jpg\" alt=\"Barcelona SC descalificado de torneo\" width=\"300\" height=\"225\" \/><p id=\"caption-attachment-123586\" class=\"wp-caption-text\">Barcelona SC descalificado de torneo<\/p><\/div>\n<p><strong>Mineros de Venezuela le gan\u00f3 anoche al equipo torero 2 a 0 en el estadio Monumental, con lo cual elimin\u00f3 a los amarillos de la Copa Sudamericana y, adem\u00e1s, ahond\u00f3 la crisis del \u00eddolo del astillero, al punto que hoy renunci\u00f3 su director t\u00e9cnico, Gustavo Costas.<\/strong><\/p>\n<p>Ante muy poco p\u00fablico, Barcelona no pudo aprovechar la ventaja de haber empatado de visitante en Venezuela a 2 goles la semana pasada y Mineros de Guayana, con dos anotaciones de su delantero Blanco pas\u00f3 a la siguiente ronda, donde medir\u00e1 al paraguayo Libertad.<\/p>\n<p>Barcelona se convirti\u00f3 en el \u00fanico de los cuatro equipos ecuatorianos en la lid que no pas\u00f3 a la siguiente ronda de la Sudamericana, ya que Emelec elimin\u00f3 a Sport Huancayo; Liga de Loja a Deportivo Lara; y anoche tambi\u00e9n, Independiente venci\u00f3 a 2 a 0 al venezolano Anzo\u00e1tegui.<\/p>\n","protected":false},"excerpt":{"rendered":"<p>Mineros de Venezuela le gan\u00f3 anoche al equipo torero 2 a 0 en el estadio Monumental, con lo cual elimin\u00f3 a los amarillos de la Copa Sudamericana y, adem\u00e1s, ahond\u00f3 la crisis del \u00eddolo del astillero, al punto que hoy renunci\u00f3 su director t\u00e9cnico, Gustavo Costas. Ante muy poco p\u00fablico, Barcelona no pudo aprovechar la ventaja de haber empatado de visitante en Venezuela a 2 goles la semana pasada y Mineros de Guayana, con dos anotaciones de su delantero Blanco pas\u00f3 a la siguiente ronda, donde medir\u00e1 al paraguayo Libertad. Barcelona se convirti\u00f3 en el \u00fanico de los cuatro equipos ecuatorianos en la lid que no pas\u00f3 a la siguiente ronda de la Sudamericana, ya que Emelec elimin\u00f3 a Sport Huancayo; Liga de Loja a Deportivo Lara; y anoche tambi\u00e9n, Independiente venci\u00f3 a 2 a 0 al venezolano Anzo\u00e1tegui.<\/p>\n","protected":false},"author":1,"featured_media":220183,"comment_status":"open","ping_status":"open","sticky":false,"template":"","format":"standard","meta":[],"categories":[38,37],"tags":[],"_links":{"self":[{"href":"https:\/\/www.ecuadortimes.net\/es\/wp-json\/wp\/v2\/posts\/220182"}],"collection":[{"href":"https:\/\/www.ecuadortimes.net\/es\/wp-json\/wp\/v2\/posts"}],"about":[{"href":"https:\/\/www.ecuadortimes.net\/es\/wp-json\/wp\/v2\/types\/post"}],"author":[{"embeddable":true,"href":"https:\/\/www.ecuadortimes.net\/es\/wp-json\/wp\/v2\/users\/1"}],"replies":[{"embeddable":true,"href":"https:\/\/www.ecuadortimes.net\/es\/wp-json\/wp\/v2\/comments?post=220182"}],"version-history":[{"count":0,"href":"https:\/\/www.ecuadortimes.net\/es\/wp-json\/wp\/v2\/posts\/220182\/revisions"}],"wp:featuredmedia":[{"embeddable":true,"href":"https:\/\/www.ecuadortimes.net\/es\/wp-json\/wp\/v2\/media\/220183"}],"wp:attachment":[{"href":"https:\/\/www.ecuadortimes.net\/es\/wp-json\/wp\/v2\/media?parent=220182"}],"wp:term":[{"taxonomy":"category","embeddable":true,"href":"https:\/\/www.ecuadortimes.net\/es\/wp-json\/wp\/v2\/categories?post=220182"},{"taxonomy":"post_tag","embeddable":true,"href":"https:\/\/www.ecuadortimes.net\/es\/wp-json\/wp\/v2\/tags?post=220182"}],"curies":[{"name":"wp","href":"https:\/\/api.w.org\/{rel}","templated":true}]}}