{"id":220184,"date":"2013-08-10T00:00:00","date_gmt":"2013-08-10T00:00:00","guid":{"rendered":"https:\/\/www.ecuadortimes.net\/es\/colombia-dice-que-ataque-a-ecuador-fue-de-las-farc\/"},"modified":"2013-08-10T00:00:00","modified_gmt":"2013-08-10T00:00:00","slug":"colombia-dice-que-ataque-a-ecuador-fue-de-las-farc","status":"publish","type":"post","link":"https:\/\/www.ecuadortimes.net\/es\/colombia-dice-que-ataque-a-ecuador-fue-de-las-farc\/","title":{"rendered":"Colombia dice que ataque a Ecuador fue de las FARC"},"content":{"rendered":"<div id=\"attachment_123596\" style=\"width: 310px\" class=\"wp-caption alignleft\"><img aria-describedby=\"caption-attachment-123596\" loading=\"lazy\" class=\"size-medium wp-image-123596\" title=\"Ministro de Defensa de Colombia, Juan Carlos Pinz\u00f3n\" src=\"http:\/\/media.ecuadortimes.net\/2013\/08\/Ministro-de-Defensa-de-Colombia-Juan-Carlos-Pinzon3-300x225.jpg\" alt=\"Ministro de Defensa de Colombia, Juan Carlos Pinz\u00f3n\" width=\"300\" height=\"225\" \/><p id=\"caption-attachment-123596\" class=\"wp-caption-text\">Ministro de Defensa de Colombia, Juan Carlos Pinz\u00f3n<\/p><\/div>\n<p><strong>Seg\u00fan el Ministerio de Defensa colombiano, el ataque en la frontera con Ecuador el jueves pasado, en el cual murieron cinco insurgentes y un soldado ecuatoriano, fue realizado por las Fuerzas Armadas Revolucionarias de Colombia (FARC).<\/strong><\/p>\n<p>El enfrentamiento se produjo en Puerto Mestanza (Sucumb\u00edos), lim\u00edtrofe con el departamento colombiano de Putumayo y seg\u00fan las autoridades ecuatorianas, el combate se desat\u00f3 despu\u00e9s de que militares ecuatorianos que patrullaban la zona detectaran y cercaran a un grupo armado, que los atac\u00f3 el jueves de madrugada.<\/p>\n<p>Frente al ataque, Ecuador manifest\u00f3 su <em><strong>indignaci\u00f3n y consternaci\u00f3n<\/strong><\/em>\u009d y exigi\u00f3 a Colombia que refuerce la vigilancia militar en la frontera y advirti\u00f3 a los grupos colombianos que operan en la zona que ser\u00e1 <em><strong>implacable\u009d<\/strong><\/em> en la defensa de su territorio.<\/p>\n<p>Por su parte, Colombia expres\u00f3 su solidaridad con la familia del militar ecuatoriano asesinado, a la vez que reconoci\u00f3 <em><strong>el compromiso del Gobierno ecuatoriano en contra de las FARC y en defensa de su territorio<\/strong><\/em>\u009d.<\/p>\n<p>El cuerpo del militar fallecido, Diego Maldonado G\u00f3mez, lleg\u00f3 ayer a Quito desde Nueva Loja y en la Escuela Superior Militar Eloy Alfaro se mont\u00f3 una capilla ardiente para rendirle honores. Asistieron familiares, amigos y autoridades.<\/p>\n<p>El colombiano Guillermo F., quien fue detenido por el ej\u00e9rcito en el lugar del incidente armado, fue acusado de atentar contra la seguridad del Estado y le dictaron orden de prisi\u00f3n, no as\u00ed la colombiana detenida, Yarledy O., ya que se halla en estado de gestaci\u00f3n, pero qued\u00f3, con sus dos hijos, en Nueva Loja, bajo custodia estatal.<\/p>\n","protected":false},"excerpt":{"rendered":"<p>Seg\u00fan el Ministerio de Defensa colombiano, el ataque en la frontera con Ecuador el jueves pasado, en el cual murieron cinco insurgentes y un soldado ecuatoriano, fue realizado por las Fuerzas Armadas Revolucionarias de Colombia (FARC). El enfrentamiento se produjo en Puerto Mestanza (Sucumb\u00edos), lim\u00edtrofe con el departamento colombiano de Putumayo y seg\u00fan las autoridades ecuatorianas, el combate se desat\u00f3 despu\u00e9s de que militares ecuatorianos que patrullaban la zona detectaran y cercaran a un grupo armado, que los atac\u00f3 el jueves de madrugada. Frente al ataque, Ecuador manifest\u00f3 su indignaci\u00f3n y consternaci\u00f3n\u009d y exigi\u00f3 a Colombia que refuerce la vigilancia militar en la frontera y advirti\u00f3 a los grupos colombianos que operan en la zona que ser\u00e1 implacable\u009d en la defensa de su territorio. Por su parte, Colombia expres\u00f3 su solidaridad con la familia del militar ecuatoriano asesinado, a la vez que reconoci\u00f3 el compromiso del Gobierno ecuatoriano en contra de las FARC y en defensa de su territorio\u009d. El cuerpo del militar fallecido, Diego Maldonado G\u00f3mez, lleg\u00f3 ayer a Quito desde Nueva Loja y en la Escuela Superior Militar Eloy Alfaro se mont\u00f3 una capilla ardiente para rendirle honores. Asistieron familiares, amigos y autoridades. El colombiano Guillermo F., quien fue detenido por el ej\u00e9rcito en el lugar del incidente armado, fue acusado de atentar contra la seguridad del Estado y le dictaron orden de prisi\u00f3n, no as\u00ed la colombiana detenida, Yarledy O., ya que se halla en estado de gestaci\u00f3n, pero qued\u00f3, con sus dos hijos, en Nueva Loja, bajo custodia estatal.<\/p>\n","protected":false},"author":1,"featured_media":220185,"comment_status":"open","ping_status":"open","sticky":false,"template":"","format":"standard","meta":[],"categories":[40,37],"tags":[],"_links":{"self":[{"href":"https:\/\/www.ecuadortimes.net\/es\/wp-json\/wp\/v2\/posts\/220184"}],"collection":[{"href":"https:\/\/www.ecuadortimes.net\/es\/wp-json\/wp\/v2\/posts"}],"about":[{"href":"https:\/\/www.ecuadortimes.net\/es\/wp-json\/wp\/v2\/types\/post"}],"author":[{"embeddable":true,"href":"https:\/\/www.ecuadortimes.net\/es\/wp-json\/wp\/v2\/users\/1"}],"replies":[{"embeddable":true,"href":"https:\/\/www.ecuadortimes.net\/es\/wp-json\/wp\/v2\/comments?post=220184"}],"version-history":[{"count":0,"href":"https:\/\/www.ecuadortimes.net\/es\/wp-json\/wp\/v2\/posts\/220184\/revisions"}],"wp:featuredmedia":[{"embeddable":true,"href":"https:\/\/www.ecuadortimes.net\/es\/wp-json\/wp\/v2\/media\/220185"}],"wp:attachment":[{"href":"https:\/\/www.ecuadortimes.net\/es\/wp-json\/wp\/v2\/media?parent=220184"}],"wp:term":[{"taxonomy":"category","embeddable":true,"href":"https:\/\/www.ecuadortimes.net\/es\/wp-json\/wp\/v2\/categories?post=220184"},{"taxonomy":"post_tag","embeddable":true,"href":"https:\/\/www.ecuadortimes.net\/es\/wp-json\/wp\/v2\/tags?post=220184"}],"curies":[{"name":"wp","href":"https:\/\/api.w.org\/{rel}","templated":true}]}}