{"id":220190,"date":"2013-08-10T00:00:00","date_gmt":"2013-08-10T00:00:00","guid":{"rendered":"https:\/\/www.ecuadortimes.net\/es\/fallece-musico-de-puerto-rico-eddie-la-bala-perez\/"},"modified":"2013-08-10T00:00:00","modified_gmt":"2013-08-10T00:00:00","slug":"fallece-musico-de-puerto-rico-eddie-la-bala-perez","status":"publish","type":"post","link":"https:\/\/www.ecuadortimes.net\/es\/fallece-musico-de-puerto-rico-eddie-la-bala-perez\/","title":{"rendered":"Fallece m\u00fasico de Puerto Rico Eddie &#8220;la bala&#8221; P\u00e9rez"},"content":{"rendered":"<div id=\"attachment_123623\" style=\"width: 310px\" class=\"wp-caption alignleft\"><img aria-describedby=\"caption-attachment-123623\" loading=\"lazy\" class=\"size-medium wp-image-123623\" title=\"Falleci\u00f3 Eddie &quot;la bala&quot; P\u00e9rez\" src=\"http:\/\/media.ecuadortimes.net\/2013\/08\/Eddie-la-bala-Perez-passed-away3-300x225.jpg\" alt=\"Falleci\u00f3 Eddie &quot;la bala&quot; P\u00e9rez\" width=\"300\" height=\"225\" \/><p id=\"caption-attachment-123623\" class=\"wp-caption-text\">Falleci\u00f3 Eddie &#8220;la bala&#8221; P\u00e9rez<\/p><\/div>\n<p><strong>Era el miembro fundador m\u00e1s antiguo del Gran Combo de Puerto Rico y falleci\u00f3 en un hospital de Puerto Rico<\/strong>, dijo ayer Mariel P\u00e9rez, hija del artista.<\/p>\n<p>El saxofonista de 78 a\u00f1os muri\u00f3 por una infecci\u00f3n sangu\u00ednea, tras la amputaci\u00f3n de un pie, dijo su hija.<\/p>\n<p>Naci\u00f3 en Santurce, Puerto Rico, en 1935, y debut\u00f3 a los 13 a\u00f1os como m\u00fasico y toc\u00f3 el saxof\u00f3n por m\u00e1s de 60 a\u00f1os. Apodado &#8220;La Bala&#8221;, era famoso por sacudir su hombro izquierdo antes de tocar.<\/p>\n<p>Era uno de los dos miembros originales de la banda que quedaban con vida. El Gran Combo celebr\u00f3 su aniversario 50 el a\u00f1o pasado.<\/p>\n<p>El Gran Combo de Puerto Rico ha lanzado m\u00e1s de 40 discos. En el 2003 gan\u00f3 un premio Grammy al mejor \u00e1lbum tropical.<\/p>\n","protected":false},"excerpt":{"rendered":"<p>Era el miembro fundador m\u00e1s antiguo del Gran Combo de Puerto Rico y falleci\u00f3 en un hospital de Puerto Rico, dijo ayer Mariel P\u00e9rez, hija del artista. El saxofonista de 78 a\u00f1os muri\u00f3 por una infecci\u00f3n sangu\u00ednea, tras la amputaci\u00f3n de un pie, dijo su hija. Naci\u00f3 en Santurce, Puerto Rico, en 1935, y debut\u00f3 a los 13 a\u00f1os como m\u00fasico y toc\u00f3 el saxof\u00f3n por m\u00e1s de 60 a\u00f1os. Apodado &#8220;La Bala&#8221;, era famoso por sacudir su hombro izquierdo antes de tocar. Era uno de los dos miembros originales de la banda que quedaban con vida. El Gran Combo celebr\u00f3 su aniversario 50 el a\u00f1o pasado. El Gran Combo de Puerto Rico ha lanzado m\u00e1s de 40 discos. En el 2003 gan\u00f3 un premio Grammy al mejor \u00e1lbum tropical.<\/p>\n","protected":false},"author":1,"featured_media":220191,"comment_status":"open","ping_status":"open","sticky":false,"template":"","format":"standard","meta":[],"categories":[44,37],"tags":[],"_links":{"self":[{"href":"https:\/\/www.ecuadortimes.net\/es\/wp-json\/wp\/v2\/posts\/220190"}],"collection":[{"href":"https:\/\/www.ecuadortimes.net\/es\/wp-json\/wp\/v2\/posts"}],"about":[{"href":"https:\/\/www.ecuadortimes.net\/es\/wp-json\/wp\/v2\/types\/post"}],"author":[{"embeddable":true,"href":"https:\/\/www.ecuadortimes.net\/es\/wp-json\/wp\/v2\/users\/1"}],"replies":[{"embeddable":true,"href":"https:\/\/www.ecuadortimes.net\/es\/wp-json\/wp\/v2\/comments?post=220190"}],"version-history":[{"count":0,"href":"https:\/\/www.ecuadortimes.net\/es\/wp-json\/wp\/v2\/posts\/220190\/revisions"}],"wp:featuredmedia":[{"embeddable":true,"href":"https:\/\/www.ecuadortimes.net\/es\/wp-json\/wp\/v2\/media\/220191"}],"wp:attachment":[{"href":"https:\/\/www.ecuadortimes.net\/es\/wp-json\/wp\/v2\/media?parent=220190"}],"wp:term":[{"taxonomy":"category","embeddable":true,"href":"https:\/\/www.ecuadortimes.net\/es\/wp-json\/wp\/v2\/categories?post=220190"},{"taxonomy":"post_tag","embeddable":true,"href":"https:\/\/www.ecuadortimes.net\/es\/wp-json\/wp\/v2\/tags?post=220190"}],"curies":[{"name":"wp","href":"https:\/\/api.w.org\/{rel}","templated":true}]}}