{"id":220194,"date":"2013-08-11T00:00:00","date_gmt":"2013-08-11T00:00:00","guid":{"rendered":"https:\/\/www.ecuadortimes.net\/es\/ecuador-respondera-con-la-fuerza-cualquier-incursion-armada\/"},"modified":"2013-08-11T00:00:00","modified_gmt":"2013-08-11T00:00:00","slug":"ecuador-respondera-con-la-fuerza-cualquier-incursion-armada","status":"publish","type":"post","link":"https:\/\/www.ecuadortimes.net\/es\/ecuador-respondera-con-la-fuerza-cualquier-incursion-armada\/","title":{"rendered":"Ecuador responder\u00e1 con la fuerza cualquier incursi\u00f3n armada"},"content":{"rendered":"<div id=\"attachment_123646\" style=\"width: 310px\" class=\"wp-caption alignleft\"><img aria-describedby=\"caption-attachment-123646\" loading=\"lazy\" class=\"size-medium wp-image-123646\" title=\"Teniente Maldonado fue honrado en su funeral\" src=\"http:\/\/media.ecuadortimes.net\/2013\/08\/Maldonad-funeral-is-over3-300x225.jpg\" alt=\"Teniente Maldonado fue honrado en su funeral\" width=\"300\" height=\"225\" \/><p id=\"caption-attachment-123646\" class=\"wp-caption-text\">Teniente Maldonado fue honrado en su funeral<\/p><\/div>\n<p>La afirmaci\u00f3n la hizo el presidente Rafael Correa ayer, durante su enlace en Machachi, al sur de Quito, y agreg\u00f3 que las Fuerzas Armadas Revolucionarias de Colombia (FARC) fueron las que cometieron el\u00a0 crimen del militar Diego Maldonado el pasado jueves.<\/p>\n<p>Correa les pidi\u00f3 a las FARC entender que <em><strong>su lucha<\/strong><\/em>\u009d ha perdido todo sentido. <em><strong>\u00bfQu\u00e9 est\u00e1n haciendo? Acaban de matar a un joven de 28 a\u00f1os, soldado ecuatoriano que deja en la orfandad una ni\u00f1a de 3 a\u00f1os. \u00bfDe qu\u00e9 justicia social est\u00e1n hablando?<\/strong><\/em>\u009d, refiri\u00f3 el mandatario, a la vez que advirti\u00f3 que el Gobierno responder\u00e1 con\u00a0 la fuerza <em><strong>a todo grupo irregular que ose penetrar en suelo ecuatoriano<\/strong><\/em>\u009d.<\/p>\n<p>Ayer, el presidente de Colombia, Juan Manuel Santos, prometi\u00f3 apoyo militar en la frontera. &#8220;<em><strong>Tenga la absoluta seguridad que tendr\u00e1n todo el apoyo de nuestro Ej\u00e9rcito, de nuestras Fuerzas Armadas, para que en esa frontera ese tipo de situaciones no se presenten<\/strong><\/em>&#8220;.<\/p>\n<p>Por su parte, un vocero de las FARC dijo ayer que a\u00fan no ha recibido informaci\u00f3n de sus combatientes. &#8220;<em><strong>Nosotros a\u00fan no tenemos un pronunciamiento del Bloque Sur<\/strong><\/em>&#8220;, dijo a la prensa Jes\u00fas Santrich, integrante de la delegaci\u00f3n que negocia la paz con el gobierno colombiano en La Habana.<\/p>\n<p>&#8220;<em><strong>S\u00ed, cabe una reflexi\u00f3n (por este hecho) en el sentido de que desafortunadamente el conflicto colombiano en determinados momentos tiende a desbordarse&#8230;<\/strong><\/em>&#8220;, dijo Santrich.<\/p>\n<p>Mientras tanto, ayer se cumpli\u00f3 el funeral del teniente Diego Maldonado G\u00f3mez, luego del velorio que se realiz\u00f3 en el Coliseo Centenario de Cayambe, su ciudad natal. Poemas de orgullo militar y la interpretaci\u00f3n de varios sanjuanitos, de los que Maldonado disfrutaba, lo despidieron.<\/p>\n","protected":false},"excerpt":{"rendered":"<p>La afirmaci\u00f3n la hizo el presidente Rafael Correa ayer, durante su enlace en Machachi, al sur de Quito, y agreg\u00f3 que las Fuerzas Armadas Revolucionarias de Colombia (FARC) fueron las que cometieron el\u00a0 crimen del militar Diego Maldonado el pasado jueves. Correa les pidi\u00f3 a las FARC entender que su lucha\u009d ha perdido todo sentido. \u00bfQu\u00e9 est\u00e1n haciendo? Acaban de matar a un joven de 28 a\u00f1os, soldado ecuatoriano que deja en la orfandad una ni\u00f1a de 3 a\u00f1os. \u00bfDe qu\u00e9 justicia social est\u00e1n hablando?\u009d, refiri\u00f3 el mandatario, a la vez que advirti\u00f3 que el Gobierno responder\u00e1 con\u00a0 la fuerza a todo grupo irregular que ose penetrar en suelo ecuatoriano\u009d. Ayer, el presidente de Colombia, Juan Manuel Santos, prometi\u00f3 apoyo militar en la frontera. &#8220;Tenga la absoluta seguridad que tendr\u00e1n todo el apoyo de nuestro Ej\u00e9rcito, de nuestras Fuerzas Armadas, para que en esa frontera ese tipo de situaciones no se presenten&#8220;. Por su parte, un vocero de las FARC dijo ayer que a\u00fan no ha recibido informaci\u00f3n de sus combatientes. &#8220;Nosotros a\u00fan no tenemos un pronunciamiento del Bloque Sur&#8220;, dijo a la prensa Jes\u00fas Santrich, integrante de la delegaci\u00f3n que negocia la paz con el gobierno colombiano en La Habana. &#8220;S\u00ed, cabe una reflexi\u00f3n (por este hecho) en el sentido de que desafortunadamente el conflicto colombiano en determinados momentos tiende a desbordarse&#8230;&#8220;, dijo Santrich. Mientras tanto, ayer se cumpli\u00f3 el funeral del teniente Diego Maldonado G\u00f3mez, luego del velorio que se realiz\u00f3 en el Coliseo Centenario de Cayambe, su ciudad natal. Poemas de orgullo militar y la interpretaci\u00f3n de varios sanjuanitos, de los que Maldonado disfrutaba, lo despidieron.<\/p>\n","protected":false},"author":1,"featured_media":220195,"comment_status":"open","ping_status":"open","sticky":false,"template":"","format":"standard","meta":[],"categories":[40,37],"tags":[],"_links":{"self":[{"href":"https:\/\/www.ecuadortimes.net\/es\/wp-json\/wp\/v2\/posts\/220194"}],"collection":[{"href":"https:\/\/www.ecuadortimes.net\/es\/wp-json\/wp\/v2\/posts"}],"about":[{"href":"https:\/\/www.ecuadortimes.net\/es\/wp-json\/wp\/v2\/types\/post"}],"author":[{"embeddable":true,"href":"https:\/\/www.ecuadortimes.net\/es\/wp-json\/wp\/v2\/users\/1"}],"replies":[{"embeddable":true,"href":"https:\/\/www.ecuadortimes.net\/es\/wp-json\/wp\/v2\/comments?post=220194"}],"version-history":[{"count":0,"href":"https:\/\/www.ecuadortimes.net\/es\/wp-json\/wp\/v2\/posts\/220194\/revisions"}],"wp:featuredmedia":[{"embeddable":true,"href":"https:\/\/www.ecuadortimes.net\/es\/wp-json\/wp\/v2\/media\/220195"}],"wp:attachment":[{"href":"https:\/\/www.ecuadortimes.net\/es\/wp-json\/wp\/v2\/media?parent=220194"}],"wp:term":[{"taxonomy":"category","embeddable":true,"href":"https:\/\/www.ecuadortimes.net\/es\/wp-json\/wp\/v2\/categories?post=220194"},{"taxonomy":"post_tag","embeddable":true,"href":"https:\/\/www.ecuadortimes.net\/es\/wp-json\/wp\/v2\/tags?post=220194"}],"curies":[{"name":"wp","href":"https:\/\/api.w.org\/{rel}","templated":true}]}}