{"id":220204,"date":"2013-08-12T00:00:00","date_gmt":"2013-08-12T00:00:00","guid":{"rendered":"https:\/\/www.ecuadortimes.net\/es\/fuerte-sismos-en-peru-e-indonesia\/"},"modified":"2013-08-12T00:00:00","modified_gmt":"2013-08-12T00:00:00","slug":"fuerte-sismos-en-peru-e-indonesia","status":"publish","type":"post","link":"https:\/\/www.ecuadortimes.net\/es\/fuerte-sismos-en-peru-e-indonesia\/","title":{"rendered":"Fuerte sismos en Per\u00fa e Indonesia"},"content":{"rendered":"<p><a href=\"http:\/\/www.ecuadortimes.net\/es\/2013\/08\/12\/fuerte-sismos-en-peru-e-indonesia\/sismo-2\/\" rel=\"attachment wp-att-123706\"><img loading=\"lazy\" class=\"size-full wp-image-123706 alignright\" title=\"sismo\" src=\"http:\/\/media.ecuadortimes.net\/2013\/08\/sismo1.jpg\" alt=\"\" width=\"340\" height=\"256\" \/><\/a><strong>Seg\u00fan el Servicio Sismol\u00f3gico de los Estados Unidos, el fuerte sismo que se present\u00f3 esta madrugada en las costas de Per\u00fa, tuvo una magnitud de 6.2 Richter, y se registr\u00f3 a 16.7 kil\u00f3metros de profundidad.<\/strong><\/p>\n<p>El terremoto se situ\u00f3 a 94 kil\u00f3metros de la ciudad de Paita y a 102 kil\u00f3metros de la localidad de Salinera Colan, cerca de la frontera con Ecuador, e informaci\u00f3n proporcionada por el Instituto Geof\u00edsico del Per\u00fa, se ubic\u00f3 a 27 kil\u00f3metros de profundidad.<\/p>\n<p><strong>As\u00ed mismo, el archipi\u00e9lago de Babar, ubicado al sureste de Indonesia, fue sacudido ayer por un terremoto de 6,3 grados de magnitud.<\/strong><\/p>\n<p>Indonesia se encuentra sobre el llamado &#8220;Anillo de Fuego del Pac\u00edfico&#8221;, una zona de gran actividad s\u00edsmica y volc\u00e1nica donde anualmente se producen unos 7 000 terremotos, gran parte de ellos moderados.<\/p>\n<p>En 2004, un fuerte sismo en el norte de Sumatra provoc\u00f3 un tsunami que acab\u00f3 con la vida de 226 000 personas que viv\u00edan en naciones ba\u00f1adas por las aguas del Oc\u00e9ano \u00c3\u008dndico; sin embargo, hasta el momento, el Centro de Alertas por Tsunami del Pac\u00edfico no ha emitido se\u00f1ales de alerta por riesgo de olas gigantes.<\/p>\n<p><strong>En ambos pa\u00edses los terremotos generaron preocupaci\u00f3n, pero no se registraron da\u00f1os personales ni materiales, seg\u00fan informaron las autoridades.<\/strong><\/p>\n","protected":false},"excerpt":{"rendered":"<p>Seg\u00fan el Servicio Sismol\u00f3gico de los Estados Unidos, el fuerte sismo que se present\u00f3 esta madrugada en las costas de Per\u00fa, tuvo una magnitud de 6.2 Richter, y se registr\u00f3 a 16.7 kil\u00f3metros de profundidad. El terremoto se situ\u00f3 a 94 kil\u00f3metros de la ciudad de Paita y a 102 kil\u00f3metros de la localidad de Salinera Colan, cerca de la frontera con Ecuador, e informaci\u00f3n proporcionada por el Instituto Geof\u00edsico del Per\u00fa, se ubic\u00f3 a 27 kil\u00f3metros de profundidad. As\u00ed mismo, el archipi\u00e9lago de Babar, ubicado al sureste de Indonesia, fue sacudido ayer por un terremoto de 6,3 grados de magnitud. Indonesia se encuentra sobre el llamado &#8220;Anillo de Fuego del Pac\u00edfico&#8221;, una zona de gran actividad s\u00edsmica y volc\u00e1nica donde anualmente se producen unos 7 000 terremotos, gran parte de ellos moderados. En 2004, un fuerte sismo en el norte de Sumatra provoc\u00f3 un tsunami que acab\u00f3 con la vida de 226 000 personas que viv\u00edan en naciones ba\u00f1adas por las aguas del Oc\u00e9ano \u00c3\u008dndico; sin embargo, hasta el momento, el Centro de Alertas por Tsunami del Pac\u00edfico no ha emitido se\u00f1ales de alerta por riesgo de olas gigantes. En ambos pa\u00edses los terremotos generaron preocupaci\u00f3n, pero no se registraron da\u00f1os personales ni materiales, seg\u00fan informaron las autoridades.<\/p>\n","protected":false},"author":1,"featured_media":220205,"comment_status":"open","ping_status":"open","sticky":false,"template":"","format":"standard","meta":[],"categories":[36,37],"tags":[],"_links":{"self":[{"href":"https:\/\/www.ecuadortimes.net\/es\/wp-json\/wp\/v2\/posts\/220204"}],"collection":[{"href":"https:\/\/www.ecuadortimes.net\/es\/wp-json\/wp\/v2\/posts"}],"about":[{"href":"https:\/\/www.ecuadortimes.net\/es\/wp-json\/wp\/v2\/types\/post"}],"author":[{"embeddable":true,"href":"https:\/\/www.ecuadortimes.net\/es\/wp-json\/wp\/v2\/users\/1"}],"replies":[{"embeddable":true,"href":"https:\/\/www.ecuadortimes.net\/es\/wp-json\/wp\/v2\/comments?post=220204"}],"version-history":[{"count":0,"href":"https:\/\/www.ecuadortimes.net\/es\/wp-json\/wp\/v2\/posts\/220204\/revisions"}],"wp:featuredmedia":[{"embeddable":true,"href":"https:\/\/www.ecuadortimes.net\/es\/wp-json\/wp\/v2\/media\/220205"}],"wp:attachment":[{"href":"https:\/\/www.ecuadortimes.net\/es\/wp-json\/wp\/v2\/media?parent=220204"}],"wp:term":[{"taxonomy":"category","embeddable":true,"href":"https:\/\/www.ecuadortimes.net\/es\/wp-json\/wp\/v2\/categories?post=220204"},{"taxonomy":"post_tag","embeddable":true,"href":"https:\/\/www.ecuadortimes.net\/es\/wp-json\/wp\/v2\/tags?post=220204"}],"curies":[{"name":"wp","href":"https:\/\/api.w.org\/{rel}","templated":true}]}}