{"id":220206,"date":"2013-08-12T00:00:00","date_gmt":"2013-08-12T00:00:00","guid":{"rendered":"https:\/\/www.ecuadortimes.net\/es\/alcalde-de-guayaquil-asegura-que-el-regimen-quiere-sacar-el-puerto\/"},"modified":"2013-08-12T00:00:00","modified_gmt":"2013-08-12T00:00:00","slug":"alcalde-de-guayaquil-asegura-que-el-regimen-quiere-sacar-el-puerto","status":"publish","type":"post","link":"https:\/\/www.ecuadortimes.net\/es\/alcalde-de-guayaquil-asegura-que-el-regimen-quiere-sacar-el-puerto\/","title":{"rendered":"Alcalde de Guayaquil asegura que el r\u00e9gimen quiere sacar el puerto"},"content":{"rendered":"<div id=\"attachment_123692\" style=\"width: 310px\" class=\"wp-caption alignleft\"><img aria-describedby=\"caption-attachment-123692\" loading=\"lazy\" class=\"size-medium wp-image-123692\" title=\"Jaime Nebot en contra de que se mueva el puerto\" src=\"http:\/\/media.ecuadortimes.net\/2013\/08\/Jaime-Nebot-is-against-the-removal-of-the-port3-300x225.jpg\" alt=\"Jaime Nebot en contra de que se mueva el puerto\" width=\"300\" height=\"225\" \/><p id=\"caption-attachment-123692\" class=\"wp-caption-text\">Jaime Nebot en contra de que se mueva el puerto<\/p><\/div>\n<p>Durante una intervenci\u00f3n televisada, el alcalde de Guayaquil, Jaime Nebot, se refiri\u00f3 la noche del domingo pasado al tema del puerto de Guayaquil, despu\u00e9s de las recientes afirmaciones del presidente Rafael Correa y la Ministra de Transporte, Mar\u00eda de los \u00c3\u0081ngeles Duarte.<\/p>\n<p>&#8220;<em><strong>Este es el panorama futuro que nos propone el Gobierno: nuestro actual Puerto Mar\u00edtimo ser\u00e1 destinado al turismo y al cabotaje con Gal\u00e1pagos; el nuevo Puerto Mar\u00edtimo, no estar\u00e1 en el cant\u00f3n Guayaquil;\u00a0 otros puertos privados de Guayaquil quedar\u00edan\u00a0 fuera del sistema portuario; el puerto privado de aguas profundas de Posorja, no se seguir\u00e1 construyendo; y se construir\u00e1 otro, con dinero p\u00fablico, en Manta<\/strong><\/em>&#8220;, dijo el alcalde Nebot en su transmisi\u00f3n.<\/p>\n<p>Nebot se refiri\u00f3 al Plan Estrat\u00e9gico de Movilidad, impulsado por el r\u00e9gimen, indicando que este pretende que la actividad local de Guayaquil <em><strong>quede reducida<\/strong><\/em>\u009d al cabotaje con Gal\u00e1pagos y al turismo, y por ende la ciudad y otros puertos privados <em><strong>se quedar\u00e1n fuera del sistema portuario del Ecuador<\/strong><\/em>\u009d.<\/p>\n<p>Cit\u00f3 adem\u00e1s que se pretende detener la construcci\u00f3n del puerto de aguas profundas de Posorja, pues en la pagina 102 de dicho informe se establece que el puerto no estar\u00eda en Guayaquil, sino entre General Villamil y Chanduy. <em><strong>Al lado de Guayaquil, no es Guayaquil. Su gobierno no puede despojar al cant\u00f3n Guayaquil de su naturaleza portuaria<\/strong><\/em>\u009d, dijo Nebot, tras criticar la idea expuesta por el l\u00edder del r\u00e9gimen, Rafael Correa.<\/p>\n","protected":false},"excerpt":{"rendered":"<p>Durante una intervenci\u00f3n televisada, el alcalde de Guayaquil, Jaime Nebot, se refiri\u00f3 la noche del domingo pasado al tema del puerto de Guayaquil, despu\u00e9s de las recientes afirmaciones del presidente Rafael Correa y la Ministra de Transporte, Mar\u00eda de los \u00c3\u0081ngeles Duarte. &#8220;Este es el panorama futuro que nos propone el Gobierno: nuestro actual Puerto Mar\u00edtimo ser\u00e1 destinado al turismo y al cabotaje con Gal\u00e1pagos; el nuevo Puerto Mar\u00edtimo, no estar\u00e1 en el cant\u00f3n Guayaquil;\u00a0 otros puertos privados de Guayaquil quedar\u00edan\u00a0 fuera del sistema portuario; el puerto privado de aguas profundas de Posorja, no se seguir\u00e1 construyendo; y se construir\u00e1 otro, con dinero p\u00fablico, en Manta&#8220;, dijo el alcalde Nebot en su transmisi\u00f3n. Nebot se refiri\u00f3 al Plan Estrat\u00e9gico de Movilidad, impulsado por el r\u00e9gimen, indicando que este pretende que la actividad local de Guayaquil quede reducida\u009d al cabotaje con Gal\u00e1pagos y al turismo, y por ende la ciudad y otros puertos privados se quedar\u00e1n fuera del sistema portuario del Ecuador\u009d. Cit\u00f3 adem\u00e1s que se pretende detener la construcci\u00f3n del puerto de aguas profundas de Posorja, pues en la pagina 102 de dicho informe se establece que el puerto no estar\u00eda en Guayaquil, sino entre General Villamil y Chanduy. Al lado de Guayaquil, no es Guayaquil. Su gobierno no puede despojar al cant\u00f3n Guayaquil de su naturaleza portuaria\u009d, dijo Nebot, tras criticar la idea expuesta por el l\u00edder del r\u00e9gimen, Rafael Correa.<\/p>\n","protected":false},"author":1,"featured_media":220207,"comment_status":"open","ping_status":"open","sticky":false,"template":"","format":"standard","meta":[],"categories":[40,37],"tags":[],"_links":{"self":[{"href":"https:\/\/www.ecuadortimes.net\/es\/wp-json\/wp\/v2\/posts\/220206"}],"collection":[{"href":"https:\/\/www.ecuadortimes.net\/es\/wp-json\/wp\/v2\/posts"}],"about":[{"href":"https:\/\/www.ecuadortimes.net\/es\/wp-json\/wp\/v2\/types\/post"}],"author":[{"embeddable":true,"href":"https:\/\/www.ecuadortimes.net\/es\/wp-json\/wp\/v2\/users\/1"}],"replies":[{"embeddable":true,"href":"https:\/\/www.ecuadortimes.net\/es\/wp-json\/wp\/v2\/comments?post=220206"}],"version-history":[{"count":0,"href":"https:\/\/www.ecuadortimes.net\/es\/wp-json\/wp\/v2\/posts\/220206\/revisions"}],"wp:featuredmedia":[{"embeddable":true,"href":"https:\/\/www.ecuadortimes.net\/es\/wp-json\/wp\/v2\/media\/220207"}],"wp:attachment":[{"href":"https:\/\/www.ecuadortimes.net\/es\/wp-json\/wp\/v2\/media?parent=220206"}],"wp:term":[{"taxonomy":"category","embeddable":true,"href":"https:\/\/www.ecuadortimes.net\/es\/wp-json\/wp\/v2\/categories?post=220206"},{"taxonomy":"post_tag","embeddable":true,"href":"https:\/\/www.ecuadortimes.net\/es\/wp-json\/wp\/v2\/tags?post=220206"}],"curies":[{"name":"wp","href":"https:\/\/api.w.org\/{rel}","templated":true}]}}