{"id":220208,"date":"2013-08-12T00:00:00","date_gmt":"2013-08-12T00:00:00","guid":{"rendered":"https:\/\/www.ecuadortimes.net\/es\/consejo-de-regulacion-de-informacion-hace-su-primera-observacion\/"},"modified":"2013-08-12T00:00:00","modified_gmt":"2013-08-12T00:00:00","slug":"consejo-de-regulacion-de-informacion-hace-su-primera-observacion","status":"publish","type":"post","link":"https:\/\/www.ecuadortimes.net\/es\/consejo-de-regulacion-de-informacion-hace-su-primera-observacion\/","title":{"rendered":"Consejo de Regulaci\u00f3n de Informaci\u00f3n hace su primera observaci\u00f3n"},"content":{"rendered":"<div id=\"attachment_123701\" style=\"width: 310px\" class=\"wp-caption alignright\"><img aria-describedby=\"caption-attachment-123701\" loading=\"lazy\" class=\"size-medium wp-image-123701\" title=\"Roberto Wohlgemuth\" src=\"http:\/\/media.ecuadortimes.net\/2013\/08\/Roberto-Wohlgemuth-defends-the-regimes-corruption3-300x225.jpg\" alt=\"Roberto Wohlgemuth\" width=\"300\" height=\"225\" \/><p id=\"caption-attachment-123701\" class=\"wp-caption-text\">Roberto Wohlgemuth<\/p><\/div>\n<p><strong>La noche del pasado viernes, 9 de agosto, el Consejo de Regulaci\u00f3n de Informaci\u00f3n realiz\u00f3 su primer \u0098exhorto\u0099 p\u00fablico tras convocar a periodistas, entrevistadores, autoridades y personalidades p\u00fablicas con el fin de mejorar la calidad de su lenguaje cuando realicen declaraciones en los medios de comunicaci\u00f3n social.<\/strong><\/p>\n<p>Por medio de su cuenta Twitter, uno de los vocales del Consejo, Roberto Wohlgemuth, transmiti\u00f3 un llamado <strong><em>a la opini\u00f3n p\u00fablica<\/em><\/strong>\u009d, con fecha del viernes, en dicho texto se hace referencia a que las noticias de la cr\u00f3nica roja, programas de entrevistas y debates pol\u00edticos en los medios en los que los entrevistadores e invitados recurren a palabras insultantes, lo que estar\u00eda incursionando en no acatar el respeto a los derechos humanos, como se expone en el art\u00edculo 71 de la Ley de Comunicaci\u00f3n.<\/p>\n<p>Bajo este argumento el Consejo de Regulaci\u00f3n exhort\u00f3 a la prensa en realizar de forma <strong><em>\u00e9tica y responsable<\/em><\/strong>\u009d la informaci\u00f3n para garantizar el respeto a estos derechos. En el texto de dos p\u00e1ginas no llama la atenci\u00f3n a ning\u00fan medio o actor p\u00fablico.<\/p>\n<p>Durante el transcurso de esta semana el Consejo tiene previsto realizar reuniones para terminar con la elaboraci\u00f3n de reglamentos y funcionamiento interno junto a otras normas para aplicar la Ley de Comunicaci\u00f3n.<\/p>\n","protected":false},"excerpt":{"rendered":"<p>La noche del pasado viernes, 9 de agosto, el Consejo de Regulaci\u00f3n de Informaci\u00f3n realiz\u00f3 su primer \u0098exhorto\u0099 p\u00fablico tras convocar a periodistas, entrevistadores, autoridades y personalidades p\u00fablicas con el fin de mejorar la calidad de su lenguaje cuando realicen declaraciones en los medios de comunicaci\u00f3n social. Por medio de su cuenta Twitter, uno de los vocales del Consejo, Roberto Wohlgemuth, transmiti\u00f3 un llamado a la opini\u00f3n p\u00fablica\u009d, con fecha del viernes, en dicho texto se hace referencia a que las noticias de la cr\u00f3nica roja, programas de entrevistas y debates pol\u00edticos en los medios en los que los entrevistadores e invitados recurren a palabras insultantes, lo que estar\u00eda incursionando en no acatar el respeto a los derechos humanos, como se expone en el art\u00edculo 71 de la Ley de Comunicaci\u00f3n. Bajo este argumento el Consejo de Regulaci\u00f3n exhort\u00f3 a la prensa en realizar de forma \u00e9tica y responsable\u009d la informaci\u00f3n para garantizar el respeto a estos derechos. En el texto de dos p\u00e1ginas no llama la atenci\u00f3n a ning\u00fan medio o actor p\u00fablico. Durante el transcurso de esta semana el Consejo tiene previsto realizar reuniones para terminar con la elaboraci\u00f3n de reglamentos y funcionamiento interno junto a otras normas para aplicar la Ley de Comunicaci\u00f3n.<\/p>\n","protected":false},"author":1,"featured_media":220209,"comment_status":"open","ping_status":"open","sticky":false,"template":"","format":"standard","meta":[],"categories":[40,37,30],"tags":[],"_links":{"self":[{"href":"https:\/\/www.ecuadortimes.net\/es\/wp-json\/wp\/v2\/posts\/220208"}],"collection":[{"href":"https:\/\/www.ecuadortimes.net\/es\/wp-json\/wp\/v2\/posts"}],"about":[{"href":"https:\/\/www.ecuadortimes.net\/es\/wp-json\/wp\/v2\/types\/post"}],"author":[{"embeddable":true,"href":"https:\/\/www.ecuadortimes.net\/es\/wp-json\/wp\/v2\/users\/1"}],"replies":[{"embeddable":true,"href":"https:\/\/www.ecuadortimes.net\/es\/wp-json\/wp\/v2\/comments?post=220208"}],"version-history":[{"count":0,"href":"https:\/\/www.ecuadortimes.net\/es\/wp-json\/wp\/v2\/posts\/220208\/revisions"}],"wp:featuredmedia":[{"embeddable":true,"href":"https:\/\/www.ecuadortimes.net\/es\/wp-json\/wp\/v2\/media\/220209"}],"wp:attachment":[{"href":"https:\/\/www.ecuadortimes.net\/es\/wp-json\/wp\/v2\/media?parent=220208"}],"wp:term":[{"taxonomy":"category","embeddable":true,"href":"https:\/\/www.ecuadortimes.net\/es\/wp-json\/wp\/v2\/categories?post=220208"},{"taxonomy":"post_tag","embeddable":true,"href":"https:\/\/www.ecuadortimes.net\/es\/wp-json\/wp\/v2\/tags?post=220208"}],"curies":[{"name":"wp","href":"https:\/\/api.w.org\/{rel}","templated":true}]}}