{"id":220210,"date":"2013-08-12T00:00:00","date_gmt":"2013-08-12T00:00:00","guid":{"rendered":"https:\/\/www.ecuadortimes.net\/es\/un-rayo-causo-incendio-en-refineria-en-venezuela\/"},"modified":"2013-08-12T00:00:00","modified_gmt":"2013-08-12T00:00:00","slug":"un-rayo-causo-incendio-en-refineria-en-venezuela","status":"publish","type":"post","link":"https:\/\/www.ecuadortimes.net\/es\/un-rayo-causo-incendio-en-refineria-en-venezuela\/","title":{"rendered":"Un rayo caus\u00f3 incendio en refiner\u00eda en Venezuela"},"content":{"rendered":"<p><a href=\"http:\/\/www.ecuadortimes.net\/es\/2013\/08\/12\/un-rayo-causo-incendio-en-refineria-en-venezuela\/incendio-6\/\" rel=\"attachment wp-att-123774\"><img loading=\"lazy\" class=\"alignleft size-full wp-image-123774\" title=\"incendio\" src=\"http:\/\/media.ecuadortimes.net\/2013\/08\/incendio.jpg\" alt=\"\" width=\"340\" height=\"256\" \/><\/a><strong>La refiner\u00eda Puerto La Cruz de Venezuela sufri\u00f3 ayer un incendio que fue producto de un rel\u00e1mpago emitido durante un temporal, as\u00ed lo inform\u00f3 la estatal Petr\u00f3leos de Venezuela (PDVSA)<\/strong>, e indic\u00f3 que no se produjeron da\u00f1os en el resto de la planta.<\/p>\n<p>Asdr\u00fabal Ch\u00e1vez, vicepresidente de Refinaci\u00f3n, Comercio y Suministro de PDVSA, se\u00f1al\u00f3 que hasta la noche no se lograba extinguir el incendio que se produjo a las 15h30 cuando un rayo impact\u00f3 una laguna de tratamiento de la refiner\u00eda. Reportes de esta ma\u00f1ana indicaban que todo estaba bajo control.<\/p>\n<p>Ch\u00e1vez adem\u00e1s comunic\u00f3 que las otras instalaciones de la refiner\u00eda, localizada en el estado Anzo\u00e1tegui al este del pa\u00eds, operan con normalidad, pese a lo ocurrido.<\/p>\n<p>El presidente de Venezuela, Nicol\u00e1s Maduro, mediante su cuenta en la red social Twitter, inform\u00f3 que equipos de bomberos est\u00e1n trabajando para lograr el control del incendio.<\/p>\n<p>Un hecho parecido se registr\u00f3 en el 2012 en Amuay, la refiner\u00eda m\u00e1s grande de Venezuela, que sufri\u00f3 una explosi\u00f3n considerada como el mayor accidente en la industria local que dej\u00f3 42 muertos.<\/p>\n","protected":false},"excerpt":{"rendered":"<p>La refiner\u00eda Puerto La Cruz de Venezuela sufri\u00f3 ayer un incendio que fue producto de un rel\u00e1mpago emitido durante un temporal, as\u00ed lo inform\u00f3 la estatal Petr\u00f3leos de Venezuela (PDVSA), e indic\u00f3 que no se produjeron da\u00f1os en el resto de la planta. Asdr\u00fabal Ch\u00e1vez, vicepresidente de Refinaci\u00f3n, Comercio y Suministro de PDVSA, se\u00f1al\u00f3 que hasta la noche no se lograba extinguir el incendio que se produjo a las 15h30 cuando un rayo impact\u00f3 una laguna de tratamiento de la refiner\u00eda. Reportes de esta ma\u00f1ana indicaban que todo estaba bajo control. Ch\u00e1vez adem\u00e1s comunic\u00f3 que las otras instalaciones de la refiner\u00eda, localizada en el estado Anzo\u00e1tegui al este del pa\u00eds, operan con normalidad, pese a lo ocurrido. El presidente de Venezuela, Nicol\u00e1s Maduro, mediante su cuenta en la red social Twitter, inform\u00f3 que equipos de bomberos est\u00e1n trabajando para lograr el control del incendio. Un hecho parecido se registr\u00f3 en el 2012 en Amuay, la refiner\u00eda m\u00e1s grande de Venezuela, que sufri\u00f3 una explosi\u00f3n considerada como el mayor accidente en la industria local que dej\u00f3 42 muertos.<\/p>\n","protected":false},"author":1,"featured_media":220211,"comment_status":"open","ping_status":"open","sticky":false,"template":"","format":"standard","meta":[],"categories":[36,37],"tags":[],"_links":{"self":[{"href":"https:\/\/www.ecuadortimes.net\/es\/wp-json\/wp\/v2\/posts\/220210"}],"collection":[{"href":"https:\/\/www.ecuadortimes.net\/es\/wp-json\/wp\/v2\/posts"}],"about":[{"href":"https:\/\/www.ecuadortimes.net\/es\/wp-json\/wp\/v2\/types\/post"}],"author":[{"embeddable":true,"href":"https:\/\/www.ecuadortimes.net\/es\/wp-json\/wp\/v2\/users\/1"}],"replies":[{"embeddable":true,"href":"https:\/\/www.ecuadortimes.net\/es\/wp-json\/wp\/v2\/comments?post=220210"}],"version-history":[{"count":0,"href":"https:\/\/www.ecuadortimes.net\/es\/wp-json\/wp\/v2\/posts\/220210\/revisions"}],"wp:featuredmedia":[{"embeddable":true,"href":"https:\/\/www.ecuadortimes.net\/es\/wp-json\/wp\/v2\/media\/220211"}],"wp:attachment":[{"href":"https:\/\/www.ecuadortimes.net\/es\/wp-json\/wp\/v2\/media?parent=220210"}],"wp:term":[{"taxonomy":"category","embeddable":true,"href":"https:\/\/www.ecuadortimes.net\/es\/wp-json\/wp\/v2\/categories?post=220210"},{"taxonomy":"post_tag","embeddable":true,"href":"https:\/\/www.ecuadortimes.net\/es\/wp-json\/wp\/v2\/tags?post=220210"}],"curies":[{"name":"wp","href":"https:\/\/api.w.org\/{rel}","templated":true}]}}