{"id":220214,"date":"2013-08-12T00:00:00","date_gmt":"2013-08-12T00:00:00","guid":{"rendered":"https:\/\/www.ecuadortimes.net\/es\/fidel-cumplira-87-y-su-revolucion-continua\/"},"modified":"2013-08-12T00:00:00","modified_gmt":"2013-08-12T00:00:00","slug":"fidel-cumplira-87-y-su-revolucion-continua","status":"publish","type":"post","link":"https:\/\/www.ecuadortimes.net\/es\/fidel-cumplira-87-y-su-revolucion-continua\/","title":{"rendered":"Fidel cumplir\u00e1 87 y su revoluci\u00f3n continua"},"content":{"rendered":"<p><strong>Nacido en Bir\u00e1n, Cuba, un 13 de agosto de 1926, el revolucionario socialista Fidel Castro Ruz, quien ha cultivado una visi\u00f3n comunista en todo \u00e1mbito humano, se ha convertido en el rival m\u00e1s importante del Gobierno Norteamericano, el cual bloque\u00f3 todo tipo de conexi\u00f3n en enero de 1959 al romper las relaciones bilaterales y cerrar su embajada en La Habana.<\/strong><\/p>\n<p><strong>El l\u00edder cubano, quien ma\u00f1ana cumple 87 a\u00f1os, ser\u00e1 celebrado con conciertos y presentaciones de libros en la isla.<\/strong><\/p>\n<p>El concierto principal estar\u00e1 a cargo del popular reguetonero y admirador de Castro, Baby Lores. Adem\u00e1s se presentar\u00e1n los libros El inmortal Castro y el linaje serbio\u009d, de la periodista serbia Dragoslava Koprivica; y Fidel Castro, soldado de las ideas. Tecnolog\u00edas y medios de comunicaci\u00f3n. Selecci\u00f3n tem\u00e1tica 1959-2011\u009d, del cubano Omar P\u00e9rez, funcionario del Partido Comunista.<\/p>\n<p>El presidente ecuatoriano Rafael Correa, quien mantiene una buena relaci\u00f3n con los Castro, no se ha pronunciado respecto al cumplea\u00f1os del l\u00edder cubano.<\/p>\n<div id=\"attachment_123726\" style=\"width: 510px\" class=\"wp-caption aligncenter\"><img aria-describedby=\"caption-attachment-123726\" loading=\"lazy\" class=\"size-full wp-image-123726\" title=\"Rafael Correa (i) y Fidel Castro.\" src=\"http:\/\/media.ecuadortimes.net\/2013\/08\/fidel-castro-cumplira-87-anos-l1.jpg\" alt=\"Rafael Correa (i) y Fidel Castro.\" width=\"500\" height=\"333\" \/><p id=\"caption-attachment-123726\" class=\"wp-caption-text\">Rafael Correa (i) y Fidel Castro.<\/p><\/div>\n","protected":false},"excerpt":{"rendered":"<p>Nacido en Bir\u00e1n, Cuba, un 13 de agosto de 1926, el revolucionario socialista Fidel Castro Ruz, quien ha cultivado una visi\u00f3n comunista en todo \u00e1mbito humano, se ha convertido en el rival m\u00e1s importante del Gobierno Norteamericano, el cual bloque\u00f3 todo tipo de conexi\u00f3n en enero de 1959 al romper las relaciones bilaterales y cerrar su embajada en La Habana. El l\u00edder cubano, quien ma\u00f1ana cumple 87 a\u00f1os, ser\u00e1 celebrado con conciertos y presentaciones de libros en la isla. El concierto principal estar\u00e1 a cargo del popular reguetonero y admirador de Castro, Baby Lores. Adem\u00e1s se presentar\u00e1n los libros El inmortal Castro y el linaje serbio\u009d, de la periodista serbia Dragoslava Koprivica; y Fidel Castro, soldado de las ideas. Tecnolog\u00edas y medios de comunicaci\u00f3n. Selecci\u00f3n tem\u00e1tica 1959-2011\u009d, del cubano Omar P\u00e9rez, funcionario del Partido Comunista. El presidente ecuatoriano Rafael Correa, quien mantiene una buena relaci\u00f3n con los Castro, no se ha pronunciado respecto al cumplea\u00f1os del l\u00edder cubano.<\/p>\n","protected":false},"author":1,"featured_media":220215,"comment_status":"open","ping_status":"open","sticky":false,"template":"","format":"standard","meta":[],"categories":[34,37],"tags":[],"_links":{"self":[{"href":"https:\/\/www.ecuadortimes.net\/es\/wp-json\/wp\/v2\/posts\/220214"}],"collection":[{"href":"https:\/\/www.ecuadortimes.net\/es\/wp-json\/wp\/v2\/posts"}],"about":[{"href":"https:\/\/www.ecuadortimes.net\/es\/wp-json\/wp\/v2\/types\/post"}],"author":[{"embeddable":true,"href":"https:\/\/www.ecuadortimes.net\/es\/wp-json\/wp\/v2\/users\/1"}],"replies":[{"embeddable":true,"href":"https:\/\/www.ecuadortimes.net\/es\/wp-json\/wp\/v2\/comments?post=220214"}],"version-history":[{"count":0,"href":"https:\/\/www.ecuadortimes.net\/es\/wp-json\/wp\/v2\/posts\/220214\/revisions"}],"wp:featuredmedia":[{"embeddable":true,"href":"https:\/\/www.ecuadortimes.net\/es\/wp-json\/wp\/v2\/media\/220215"}],"wp:attachment":[{"href":"https:\/\/www.ecuadortimes.net\/es\/wp-json\/wp\/v2\/media?parent=220214"}],"wp:term":[{"taxonomy":"category","embeddable":true,"href":"https:\/\/www.ecuadortimes.net\/es\/wp-json\/wp\/v2\/categories?post=220214"},{"taxonomy":"post_tag","embeddable":true,"href":"https:\/\/www.ecuadortimes.net\/es\/wp-json\/wp\/v2\/tags?post=220214"}],"curies":[{"name":"wp","href":"https:\/\/api.w.org\/{rel}","templated":true}]}}