{"id":220216,"date":"2013-08-12T00:00:00","date_gmt":"2013-08-12T00:00:00","guid":{"rendered":"https:\/\/www.ecuadortimes.net\/es\/espana-pedira-que-colombianos-y-peruanos-entren-sin-visa-a-ue\/"},"modified":"2013-08-12T00:00:00","modified_gmt":"2013-08-12T00:00:00","slug":"espana-pedira-que-colombianos-y-peruanos-entren-sin-visa-a-ue","status":"publish","type":"post","link":"https:\/\/www.ecuadortimes.net\/es\/espana-pedira-que-colombianos-y-peruanos-entren-sin-visa-a-ue\/","title":{"rendered":"Espa\u00f1a pedir\u00e1 que colombianos y peruanos entren sin visa a UE"},"content":{"rendered":"<p><strong>El presidente espa\u00f1ol, Mariano Rajoy, solicitar\u00e1 a la Comisi\u00f3n Europea y a los dem\u00e1s Estados del Espacio Schengen, el cual permite la libre circulaci\u00f3n de personas entre 26 pa\u00edses europeos, que Colombia y Per\u00fa se unan al grupo de Estados de Am\u00e9rica Latina que tienen acuerdos de libre comercio con la Uni\u00f3n Europea (UE) y no necesitan visado.<\/strong><\/p>\n<p><strong>La decisi\u00f3n del beneficio por parte de Rajoy, fue comunicada por v\u00eda telef\u00f3nica al presidente colombiano, Juan Manuel Santos, y al presidente peruano, Ollanta Humala; adem\u00e1s se repasaron las relaciones bilaterales y resaltaron el buen estado\u009d en que estas se encuentran.<\/strong><\/p>\n<div id=\"attachment_123736\" style=\"width: 410px\" class=\"wp-caption aligncenter\"><img aria-describedby=\"caption-attachment-123736\" loading=\"lazy\" class=\"size-full wp-image-123736\" title=\"Mariano Rajoy y Ollanta Humala.\" src=\"http:\/\/media.ecuadortimes.net\/2013\/08\/espana-peru-colombia-relaciones-sin-visa-l11.jpg\" alt=\"Mariano Rajoy y Ollanta Humala.\" width=\"400\" height=\"339\" \/><p id=\"caption-attachment-123736\" class=\"wp-caption-text\">Mariano Rajoy y Ollanta Humala.<\/p><\/div>\n<div id=\"attachment_123737\" style=\"width: 410px\" class=\"wp-caption aligncenter\"><img aria-describedby=\"caption-attachment-123737\" loading=\"lazy\" class=\"size-full wp-image-123737\" title=\"Mariano Rajoy y Juan Manuel Santos.\" src=\"http:\/\/media.ecuadortimes.net\/2013\/08\/espana-peru-colombia-relaciones-sin-visa-l21.jpg\" alt=\"Mariano Rajoy y Juan Manuel Santos.\" width=\"400\" height=\"296\" \/><p id=\"caption-attachment-123737\" class=\"wp-caption-text\">Mariano Rajoy y Juan Manuel Santos.<\/p><\/div>\n<p>El mandatario espa\u00f1ol tambi\u00e9n admiti\u00f3 que su pa\u00eds quiere ser un &#8220;Estado Observador activo y comprometido&#8221; con la Alianza del Pac\u00edfico, integrada por Colombia, Chile, M\u00e9xico, Costa Rica y Per\u00fa. El presidente peruano destac\u00f3 que la decisi\u00f3n de su par espa\u00f1ol es sin\u00f3nimo de la buena imagen de Per\u00fa en el contexto internacional.<\/p>\n<p>Por otro lado, el Ecuador, a trav\u00e9s de su embajadora en Espa\u00f1a, Aminta Buena\u00f1o, asegura que las relaciones entre Ecuador y la UE tambi\u00e9n se mantienen estables.<\/p>\n","protected":false},"excerpt":{"rendered":"<p>El presidente espa\u00f1ol, Mariano Rajoy, solicitar\u00e1 a la Comisi\u00f3n Europea y a los dem\u00e1s Estados del Espacio Schengen, el cual permite la libre circulaci\u00f3n de personas entre 26 pa\u00edses europeos, que Colombia y Per\u00fa se unan al grupo de Estados de Am\u00e9rica Latina que tienen acuerdos de libre comercio con la Uni\u00f3n Europea (UE) y no necesitan visado. La decisi\u00f3n del beneficio por parte de Rajoy, fue comunicada por v\u00eda telef\u00f3nica al presidente colombiano, Juan Manuel Santos, y al presidente peruano, Ollanta Humala; adem\u00e1s se repasaron las relaciones bilaterales y resaltaron el buen estado\u009d en que estas se encuentran. El mandatario espa\u00f1ol tambi\u00e9n admiti\u00f3 que su pa\u00eds quiere ser un &#8220;Estado Observador activo y comprometido&#8221; con la Alianza del Pac\u00edfico, integrada por Colombia, Chile, M\u00e9xico, Costa Rica y Per\u00fa. El presidente peruano destac\u00f3 que la decisi\u00f3n de su par espa\u00f1ol es sin\u00f3nimo de la buena imagen de Per\u00fa en el contexto internacional. Por otro lado, el Ecuador, a trav\u00e9s de su embajadora en Espa\u00f1a, Aminta Buena\u00f1o, asegura que las relaciones entre Ecuador y la UE tambi\u00e9n se mantienen estables.<\/p>\n","protected":false},"author":1,"featured_media":220217,"comment_status":"open","ping_status":"open","sticky":false,"template":"","format":"standard","meta":[],"categories":[34,37],"tags":[],"_links":{"self":[{"href":"https:\/\/www.ecuadortimes.net\/es\/wp-json\/wp\/v2\/posts\/220216"}],"collection":[{"href":"https:\/\/www.ecuadortimes.net\/es\/wp-json\/wp\/v2\/posts"}],"about":[{"href":"https:\/\/www.ecuadortimes.net\/es\/wp-json\/wp\/v2\/types\/post"}],"author":[{"embeddable":true,"href":"https:\/\/www.ecuadortimes.net\/es\/wp-json\/wp\/v2\/users\/1"}],"replies":[{"embeddable":true,"href":"https:\/\/www.ecuadortimes.net\/es\/wp-json\/wp\/v2\/comments?post=220216"}],"version-history":[{"count":0,"href":"https:\/\/www.ecuadortimes.net\/es\/wp-json\/wp\/v2\/posts\/220216\/revisions"}],"wp:featuredmedia":[{"embeddable":true,"href":"https:\/\/www.ecuadortimes.net\/es\/wp-json\/wp\/v2\/media\/220217"}],"wp:attachment":[{"href":"https:\/\/www.ecuadortimes.net\/es\/wp-json\/wp\/v2\/media?parent=220216"}],"wp:term":[{"taxonomy":"category","embeddable":true,"href":"https:\/\/www.ecuadortimes.net\/es\/wp-json\/wp\/v2\/categories?post=220216"},{"taxonomy":"post_tag","embeddable":true,"href":"https:\/\/www.ecuadortimes.net\/es\/wp-json\/wp\/v2\/tags?post=220216"}],"curies":[{"name":"wp","href":"https:\/\/api.w.org\/{rel}","templated":true}]}}