{"id":220218,"date":"2013-08-12T00:00:00","date_gmt":"2013-08-12T00:00:00","guid":{"rendered":"https:\/\/www.ecuadortimes.net\/es\/detienen-en-peru-a-implicado-en-crimen-de-exdirector-de-el-telegrafo\/"},"modified":"2013-08-12T00:00:00","modified_gmt":"2013-08-12T00:00:00","slug":"detienen-en-peru-a-implicado-en-crimen-de-exdirector-de-el-telegrafo","status":"publish","type":"post","link":"https:\/\/www.ecuadortimes.net\/es\/detienen-en-peru-a-implicado-en-crimen-de-exdirector-de-el-telegrafo\/","title":{"rendered":"Detienen en Per\u00fa a implicado en crimen de exdirector de El Tel\u00e9grafo"},"content":{"rendered":"<p><strong>Tras cinco a\u00f1os pr\u00f3fugo, Francisco Javier Jurado Mosquera, presunto implicado en el asesinato del exdirector de diario El Tel\u00e9grafo, Carlos Navarrete Castillo, fue detenido y llevado al Centro de Rehabilitaci\u00f3n Social de Varones de Guayaquil.<\/strong><\/p>\n<div id=\"attachment_123747\" style=\"width: 460px\" class=\"wp-caption aligncenter\"><img aria-describedby=\"caption-attachment-123747\" loading=\"lazy\" class=\"size-full wp-image-123747\" title=\"Francisco Javier Jurado Mosquera\" src=\"http:\/\/media.ecuadortimes.net\/2013\/08\/sospechoso-asesinato-diario-el-telegrafo-capturado-l11.jpg\" alt=\"Francisco Javier Jurado Mosquera\" width=\"450\" height=\"291\" \/><p id=\"caption-attachment-123747\" class=\"wp-caption-text\">Francisco Javier Jurado Mosquera<\/p><\/div>\n<p><strong>Seg\u00fan un comunicado del Ministerio del Interior, la captura se realiz\u00f3 el pasado s\u00e1bado en la noche en la provincia de Trujillo, norte de Per\u00fa, en coordinaci\u00f3n con la Polic\u00eda Nacional del Ecuador.<\/strong><\/p>\n<p>Al momento de su detenci\u00f3n, el sospechoso asegur\u00f3 llamarse Eduardo y puesto que no pose\u00eda ninguna clase de documento de identificaci\u00f3n, la polic\u00eda le practic\u00f3 una prueba de identidad humana en la que se confirm\u00f3 su verdadera persona.<\/p>\n<p>Jurado Mosquera, quien formaba parte de la lista de los m\u00e1s buscados en el Ecuador, deber\u00e1 comparecer ante el juzgado D\u00e9cimo Tercero de Garant\u00edas Penales del Guayas, por su presunta participaci\u00f3n en dicho asesinato, ocurrido el 23 de febrero de 2008.<\/p>\n<div id=\"attachment_123748\" style=\"width: 510px\" class=\"wp-caption aligncenter\"><img aria-describedby=\"caption-attachment-123748\" loading=\"lazy\" class=\"size-full wp-image-123748\" title=\"Francisco Javier Jurado Mosquera cuando lleg\u00f3 al aeropuerto de Guayaquil.\" src=\"http:\/\/media.ecuadortimes.net\/2013\/08\/sospechoso-asesinato-diario-el-telegrafo-capturado-l21.jpg\" alt=\"Francisco Javier Jurado Mosquera cuando lleg\u00f3 al aeropuerto de Guayaquil.\" width=\"500\" height=\"355\" \/><p id=\"caption-attachment-123748\" class=\"wp-caption-text\">Francisco Javier Jurado Mosquera cuando lleg\u00f3 al aeropuerto de Guayaquil.<\/p><\/div>\n","protected":false},"excerpt":{"rendered":"<p>Tras cinco a\u00f1os pr\u00f3fugo, Francisco Javier Jurado Mosquera, presunto implicado en el asesinato del exdirector de diario El Tel\u00e9grafo, Carlos Navarrete Castillo, fue detenido y llevado al Centro de Rehabilitaci\u00f3n Social de Varones de Guayaquil. Seg\u00fan un comunicado del Ministerio del Interior, la captura se realiz\u00f3 el pasado s\u00e1bado en la noche en la provincia de Trujillo, norte de Per\u00fa, en coordinaci\u00f3n con la Polic\u00eda Nacional del Ecuador. Al momento de su detenci\u00f3n, el sospechoso asegur\u00f3 llamarse Eduardo y puesto que no pose\u00eda ninguna clase de documento de identificaci\u00f3n, la polic\u00eda le practic\u00f3 una prueba de identidad humana en la que se confirm\u00f3 su verdadera persona. Jurado Mosquera, quien formaba parte de la lista de los m\u00e1s buscados en el Ecuador, deber\u00e1 comparecer ante el juzgado D\u00e9cimo Tercero de Garant\u00edas Penales del Guayas, por su presunta participaci\u00f3n en dicho asesinato, ocurrido el 23 de febrero de 2008.<\/p>\n","protected":false},"author":1,"featured_media":220219,"comment_status":"open","ping_status":"open","sticky":false,"template":"","format":"standard","meta":[],"categories":[41,37],"tags":[],"_links":{"self":[{"href":"https:\/\/www.ecuadortimes.net\/es\/wp-json\/wp\/v2\/posts\/220218"}],"collection":[{"href":"https:\/\/www.ecuadortimes.net\/es\/wp-json\/wp\/v2\/posts"}],"about":[{"href":"https:\/\/www.ecuadortimes.net\/es\/wp-json\/wp\/v2\/types\/post"}],"author":[{"embeddable":true,"href":"https:\/\/www.ecuadortimes.net\/es\/wp-json\/wp\/v2\/users\/1"}],"replies":[{"embeddable":true,"href":"https:\/\/www.ecuadortimes.net\/es\/wp-json\/wp\/v2\/comments?post=220218"}],"version-history":[{"count":0,"href":"https:\/\/www.ecuadortimes.net\/es\/wp-json\/wp\/v2\/posts\/220218\/revisions"}],"wp:featuredmedia":[{"embeddable":true,"href":"https:\/\/www.ecuadortimes.net\/es\/wp-json\/wp\/v2\/media\/220219"}],"wp:attachment":[{"href":"https:\/\/www.ecuadortimes.net\/es\/wp-json\/wp\/v2\/media?parent=220218"}],"wp:term":[{"taxonomy":"category","embeddable":true,"href":"https:\/\/www.ecuadortimes.net\/es\/wp-json\/wp\/v2\/categories?post=220218"},{"taxonomy":"post_tag","embeddable":true,"href":"https:\/\/www.ecuadortimes.net\/es\/wp-json\/wp\/v2\/tags?post=220218"}],"curies":[{"name":"wp","href":"https:\/\/api.w.org\/{rel}","templated":true}]}}