{"id":220221,"date":"2013-08-12T00:00:00","date_gmt":"2013-08-12T00:00:00","guid":{"rendered":"https:\/\/www.ecuadortimes.net\/es\/en-septiembre-arrancara-reservorio-de-gas-en-tierra-en-monteverde\/"},"modified":"2013-08-12T00:00:00","modified_gmt":"2013-08-12T00:00:00","slug":"en-septiembre-arrancara-reservorio-de-gas-en-tierra-en-monteverde","status":"publish","type":"post","link":"https:\/\/www.ecuadortimes.net\/es\/en-septiembre-arrancara-reservorio-de-gas-en-tierra-en-monteverde\/","title":{"rendered":"En septiembre arrancar\u00e1 reservorio de gas en tierra en Monteverde"},"content":{"rendered":"<p><strong>El centro de acopio de gas licuado en tierra del proyecto Monteverde-El Chorrillo, entrar\u00e1 en funcionamiento el pr\u00f3ximo 15 de septiembre, seg\u00fan inform\u00f3 Romel Tapia, t\u00e9cnico de Petroecuador.<\/strong><\/p>\n<p><strong>El complejo, con una inversi\u00f3n de $ 547 millones, tendr\u00e1 capacidad para almacenar 60 000 toneladas de Gas Licuado de Petr\u00f3leo (GLP) importado y acopiar\u00e1 una energ\u00eda cuya demanda local podr\u00eda disminuir luego del proyecto anunciado por el presidente Rafael Correa de reemplazar el gas por energ\u00eda el\u00e9ctrica en cocinas.<\/strong><\/p>\n<p>El plan gubernamental apunta a que las familias ecuatorianas reemplacen el uso de cilindros de gas dom\u00e9stico por cocinas el\u00e9ctricas en un plazo de tres a\u00f1os.<\/p>\n<p>Adem\u00e1s, el complejo permitir\u00e1 contar con reservas de gas para 30 d\u00edas hasta el 2030 ya que actualmente tenemos reservas para 1,4 d\u00edas, el pa\u00eds est\u00e1 en permanente riesgo; en cualquier momento falla algo y tenemos un desabastecimiento generalizado de gas\u009d, agreg\u00f3 el mandatario.<\/p>\n<div id=\"attachment_123759\" style=\"width: 510px\" class=\"wp-caption aligncenter\"><img aria-describedby=\"caption-attachment-123759\" loading=\"lazy\" class=\"size-full wp-image-123759\" title=\"Centro de acopio de gas licuado Monteverde-El Chorrillo.\" src=\"http:\/\/media.ecuadortimes.net\/2013\/08\/monteverde-chorrillo-gas-licuado-vigencia-l1.jpg\" alt=\"Centro de acopio de gas licuado Monteverde-El Chorrillo.\" width=\"500\" height=\"281\" \/><p id=\"caption-attachment-123759\" class=\"wp-caption-text\">Centro de acopio de gas licuado Monteverde-El Chorrillo.<\/p><\/div>\n","protected":false},"excerpt":{"rendered":"<p>El centro de acopio de gas licuado en tierra del proyecto Monteverde-El Chorrillo, entrar\u00e1 en funcionamiento el pr\u00f3ximo 15 de septiembre, seg\u00fan inform\u00f3 Romel Tapia, t\u00e9cnico de Petroecuador. El complejo, con una inversi\u00f3n de $ 547 millones, tendr\u00e1 capacidad para almacenar 60 000 toneladas de Gas Licuado de Petr\u00f3leo (GLP) importado y acopiar\u00e1 una energ\u00eda cuya demanda local podr\u00eda disminuir luego del proyecto anunciado por el presidente Rafael Correa de reemplazar el gas por energ\u00eda el\u00e9ctrica en cocinas. El plan gubernamental apunta a que las familias ecuatorianas reemplacen el uso de cilindros de gas dom\u00e9stico por cocinas el\u00e9ctricas en un plazo de tres a\u00f1os. Adem\u00e1s, el complejo permitir\u00e1 contar con reservas de gas para 30 d\u00edas hasta el 2030 ya que actualmente tenemos reservas para 1,4 d\u00edas, el pa\u00eds est\u00e1 en permanente riesgo; en cualquier momento falla algo y tenemos un desabastecimiento generalizado de gas\u009d, agreg\u00f3 el mandatario.<\/p>\n","protected":false},"author":1,"featured_media":220222,"comment_status":"open","ping_status":"open","sticky":false,"template":"","format":"standard","meta":[],"categories":[41,37],"tags":[],"_links":{"self":[{"href":"https:\/\/www.ecuadortimes.net\/es\/wp-json\/wp\/v2\/posts\/220221"}],"collection":[{"href":"https:\/\/www.ecuadortimes.net\/es\/wp-json\/wp\/v2\/posts"}],"about":[{"href":"https:\/\/www.ecuadortimes.net\/es\/wp-json\/wp\/v2\/types\/post"}],"author":[{"embeddable":true,"href":"https:\/\/www.ecuadortimes.net\/es\/wp-json\/wp\/v2\/users\/1"}],"replies":[{"embeddable":true,"href":"https:\/\/www.ecuadortimes.net\/es\/wp-json\/wp\/v2\/comments?post=220221"}],"version-history":[{"count":0,"href":"https:\/\/www.ecuadortimes.net\/es\/wp-json\/wp\/v2\/posts\/220221\/revisions"}],"wp:featuredmedia":[{"embeddable":true,"href":"https:\/\/www.ecuadortimes.net\/es\/wp-json\/wp\/v2\/media\/220222"}],"wp:attachment":[{"href":"https:\/\/www.ecuadortimes.net\/es\/wp-json\/wp\/v2\/media?parent=220221"}],"wp:term":[{"taxonomy":"category","embeddable":true,"href":"https:\/\/www.ecuadortimes.net\/es\/wp-json\/wp\/v2\/categories?post=220221"},{"taxonomy":"post_tag","embeddable":true,"href":"https:\/\/www.ecuadortimes.net\/es\/wp-json\/wp\/v2\/tags?post=220221"}],"curies":[{"name":"wp","href":"https:\/\/api.w.org\/{rel}","templated":true}]}}