{"id":220225,"date":"2013-08-12T00:00:00","date_gmt":"2013-08-12T00:00:00","guid":{"rendered":"https:\/\/www.ecuadortimes.net\/es\/emelec-gano-y-retomo-la-punta\/"},"modified":"2013-08-12T00:00:00","modified_gmt":"2013-08-12T00:00:00","slug":"emelec-gano-y-retomo-la-punta","status":"publish","type":"post","link":"https:\/\/www.ecuadortimes.net\/es\/emelec-gano-y-retomo-la-punta\/","title":{"rendered":"Emelec gan\u00f3 y retom\u00f3 la punta"},"content":{"rendered":"<div id=\"attachment_123784\" style=\"width: 310px\" class=\"wp-caption alignleft\"><img aria-describedby=\"caption-attachment-123784\" loading=\"lazy\" class=\"size-medium wp-image-123784\" title=\"Emelec derrot\u00f3 al Macar\u00e1\" src=\"http:\/\/media.ecuadortimes.net\/2013\/08\/Emelec-defeated-Macara3-300x225.jpg\" alt=\"Emelec derrot\u00f3 al Macar\u00e1\" width=\"300\" height=\"225\" \/><p id=\"caption-attachment-123784\" class=\"wp-caption-text\">Emelec derrot\u00f3 al Macar\u00e1<\/p><\/div>\n<p><strong>Con el triunfo 2 a 1 ante Macar\u00e1, en un estadio Capwell a reventar, el equipo azul recuper\u00f3 la punta del campeonato ecuatoriano de f\u00fatbol<\/strong>, desplazando a Universidad Cat\u00f3lica, que perdi\u00f3 2 a 0 frente a Deportivo Quito.<\/p>\n<p>Precisamente, el Quito es segundo con 16 puntos, dos menos que los azules, seguido de Cat\u00f3lica, que se qued\u00f3 con 15 desde hace dos fechas que no gana.<\/p>\n<p>Las anotaciones de los argentinos Marcos Mondaini, al minuto 1 y Denis Stracqualursi, al 18, dieron al cuadro de Gustavo Quinteros la sexta victoria en la segunda etapa.<\/p>\n<p>Emelec jugar\u00e1 la pr\u00f3xima semana contra Cat\u00f3lica en Quito, mientras que el Quito visitar\u00e1 a Deportivo Cuenca.<\/p>\n<p>El resto de la fecha 7 registr\u00f3 el empate de Barcelona con Quevedo a cero goles; empate a 1 entre las ligas de Quito y Loja en el Reina del Cisne; la derrota de El Nacional 1 a 0 ante el Manta en el Jocay sin p\u00fablico por sanci\u00f3n, con lo que termin\u00f3 el invicto de los militares. Esta noche completan la jornada Independiente con Cuenca en Sangolqu\u00ed.<\/p>\n","protected":false},"excerpt":{"rendered":"<p>Con el triunfo 2 a 1 ante Macar\u00e1, en un estadio Capwell a reventar, el equipo azul recuper\u00f3 la punta del campeonato ecuatoriano de f\u00fatbol, desplazando a Universidad Cat\u00f3lica, que perdi\u00f3 2 a 0 frente a Deportivo Quito. Precisamente, el Quito es segundo con 16 puntos, dos menos que los azules, seguido de Cat\u00f3lica, que se qued\u00f3 con 15 desde hace dos fechas que no gana. Las anotaciones de los argentinos Marcos Mondaini, al minuto 1 y Denis Stracqualursi, al 18, dieron al cuadro de Gustavo Quinteros la sexta victoria en la segunda etapa. Emelec jugar\u00e1 la pr\u00f3xima semana contra Cat\u00f3lica en Quito, mientras que el Quito visitar\u00e1 a Deportivo Cuenca. El resto de la fecha 7 registr\u00f3 el empate de Barcelona con Quevedo a cero goles; empate a 1 entre las ligas de Quito y Loja en el Reina del Cisne; la derrota de El Nacional 1 a 0 ante el Manta en el Jocay sin p\u00fablico por sanci\u00f3n, con lo que termin\u00f3 el invicto de los militares. Esta noche completan la jornada Independiente con Cuenca en Sangolqu\u00ed.<\/p>\n","protected":false},"author":1,"featured_media":220226,"comment_status":"open","ping_status":"open","sticky":false,"template":"","format":"standard","meta":[],"categories":[38,37],"tags":[],"_links":{"self":[{"href":"https:\/\/www.ecuadortimes.net\/es\/wp-json\/wp\/v2\/posts\/220225"}],"collection":[{"href":"https:\/\/www.ecuadortimes.net\/es\/wp-json\/wp\/v2\/posts"}],"about":[{"href":"https:\/\/www.ecuadortimes.net\/es\/wp-json\/wp\/v2\/types\/post"}],"author":[{"embeddable":true,"href":"https:\/\/www.ecuadortimes.net\/es\/wp-json\/wp\/v2\/users\/1"}],"replies":[{"embeddable":true,"href":"https:\/\/www.ecuadortimes.net\/es\/wp-json\/wp\/v2\/comments?post=220225"}],"version-history":[{"count":0,"href":"https:\/\/www.ecuadortimes.net\/es\/wp-json\/wp\/v2\/posts\/220225\/revisions"}],"wp:featuredmedia":[{"embeddable":true,"href":"https:\/\/www.ecuadortimes.net\/es\/wp-json\/wp\/v2\/media\/220226"}],"wp:attachment":[{"href":"https:\/\/www.ecuadortimes.net\/es\/wp-json\/wp\/v2\/media?parent=220225"}],"wp:term":[{"taxonomy":"category","embeddable":true,"href":"https:\/\/www.ecuadortimes.net\/es\/wp-json\/wp\/v2\/categories?post=220225"},{"taxonomy":"post_tag","embeddable":true,"href":"https:\/\/www.ecuadortimes.net\/es\/wp-json\/wp\/v2\/tags?post=220225"}],"curies":[{"name":"wp","href":"https:\/\/api.w.org\/{rel}","templated":true}]}}