{"id":220227,"date":"2013-08-13T00:00:00","date_gmt":"2013-08-13T00:00:00","guid":{"rendered":"https:\/\/www.ecuadortimes.net\/es\/desmantelan-red-dedicada-a-la-trata-de-personas\/"},"modified":"2013-08-13T00:00:00","modified_gmt":"2013-08-13T00:00:00","slug":"desmantelan-red-dedicada-a-la-trata-de-personas","status":"publish","type":"post","link":"https:\/\/www.ecuadortimes.net\/es\/desmantelan-red-dedicada-a-la-trata-de-personas\/","title":{"rendered":"Desmantelan red dedicada a la trata de personas"},"content":{"rendered":"<p><a href=\"http:\/\/www.ecuadortimes.net\/es\/2013\/08\/13\/desmantelan-red-dedicada-a-la-trata-de-personas\/trata-de-personas-3\/\" rel=\"attachment wp-att-123805\"><img loading=\"lazy\" class=\"alignleft size-full wp-image-123805\" title=\"trata-de-personas\" src=\"http:\/\/media.ecuadortimes.net\/2013\/08\/trata-de-personas.jpg\" alt=\"\" width=\"340\" height=\"256\" \/><\/a><strong>Dos colombianos, un hind\u00fa y tres ecuatorianos fueron capturados ayer en un operativo presidido por seis fiscales de Quito, por presuntamente formar parte de una organizaci\u00f3n dedicada al tr\u00e1fico de personas desde Ecuador a Estados Unidos.<\/strong><\/p>\n<p>El operativo se realiz\u00f3 a as 04:00 en el sector Comit\u00e9 del Pueblo en el norte y el sector de la Plaza Foch, en la Mariscal, all\u00ed seis inmuebles y cuatro locales comerciales fueron allanados. A esa misma hora en Bogot\u00e1 y Cartagena, en Colombia, las autoridades de ese pa\u00eds realizaron un operativo similar.<\/p>\n<p>Las investigaciones que se iniciaron hace cinco meses, determinaron que la supuesta ruta utilizada por los sospechosos iniciaba en Ecuador, segu\u00eda en Colombia y recorr\u00eda Centroam\u00e9rica, adem\u00e1s se averigu\u00f3 la forma en la que obten\u00edan los documentos ilegales para que los ecuatorianos puedan salir del pa\u00eds.<\/p>\n<p><strong>Seg\u00fan las averiguaciones los extranjeros les ofrec\u00edan a sus v\u00edctimas fuentes de trabajo en Estados Unidos, y las entrevistas se realizaban en el Comit\u00e9 del Pueblo y La Foch, en Quito.<\/strong><\/p>\n<p>El fiscal Galo Chiriboga indic\u00f3 la semana anterior, durante un seminario sobre la trata de personas, que durante su administraci\u00f3n se han investigado aproximadamente 300 casos sobre este delito.<\/p>\n","protected":false},"excerpt":{"rendered":"<p>Dos colombianos, un hind\u00fa y tres ecuatorianos fueron capturados ayer en un operativo presidido por seis fiscales de Quito, por presuntamente formar parte de una organizaci\u00f3n dedicada al tr\u00e1fico de personas desde Ecuador a Estados Unidos. El operativo se realiz\u00f3 a as 04:00 en el sector Comit\u00e9 del Pueblo en el norte y el sector de la Plaza Foch, en la Mariscal, all\u00ed seis inmuebles y cuatro locales comerciales fueron allanados. A esa misma hora en Bogot\u00e1 y Cartagena, en Colombia, las autoridades de ese pa\u00eds realizaron un operativo similar. Las investigaciones que se iniciaron hace cinco meses, determinaron que la supuesta ruta utilizada por los sospechosos iniciaba en Ecuador, segu\u00eda en Colombia y recorr\u00eda Centroam\u00e9rica, adem\u00e1s se averigu\u00f3 la forma en la que obten\u00edan los documentos ilegales para que los ecuatorianos puedan salir del pa\u00eds. Seg\u00fan las averiguaciones los extranjeros les ofrec\u00edan a sus v\u00edctimas fuentes de trabajo en Estados Unidos, y las entrevistas se realizaban en el Comit\u00e9 del Pueblo y La Foch, en Quito. El fiscal Galo Chiriboga indic\u00f3 la semana anterior, durante un seminario sobre la trata de personas, que durante su administraci\u00f3n se han investigado aproximadamente 300 casos sobre este delito.<\/p>\n","protected":false},"author":1,"featured_media":220228,"comment_status":"open","ping_status":"open","sticky":false,"template":"","format":"standard","meta":[],"categories":[32,41,37],"tags":[],"_links":{"self":[{"href":"https:\/\/www.ecuadortimes.net\/es\/wp-json\/wp\/v2\/posts\/220227"}],"collection":[{"href":"https:\/\/www.ecuadortimes.net\/es\/wp-json\/wp\/v2\/posts"}],"about":[{"href":"https:\/\/www.ecuadortimes.net\/es\/wp-json\/wp\/v2\/types\/post"}],"author":[{"embeddable":true,"href":"https:\/\/www.ecuadortimes.net\/es\/wp-json\/wp\/v2\/users\/1"}],"replies":[{"embeddable":true,"href":"https:\/\/www.ecuadortimes.net\/es\/wp-json\/wp\/v2\/comments?post=220227"}],"version-history":[{"count":0,"href":"https:\/\/www.ecuadortimes.net\/es\/wp-json\/wp\/v2\/posts\/220227\/revisions"}],"wp:featuredmedia":[{"embeddable":true,"href":"https:\/\/www.ecuadortimes.net\/es\/wp-json\/wp\/v2\/media\/220228"}],"wp:attachment":[{"href":"https:\/\/www.ecuadortimes.net\/es\/wp-json\/wp\/v2\/media?parent=220227"}],"wp:term":[{"taxonomy":"category","embeddable":true,"href":"https:\/\/www.ecuadortimes.net\/es\/wp-json\/wp\/v2\/categories?post=220227"},{"taxonomy":"post_tag","embeddable":true,"href":"https:\/\/www.ecuadortimes.net\/es\/wp-json\/wp\/v2\/tags?post=220227"}],"curies":[{"name":"wp","href":"https:\/\/api.w.org\/{rel}","templated":true}]}}