{"id":220229,"date":"2013-08-13T00:00:00","date_gmt":"2013-08-13T00:00:00","guid":{"rendered":"https:\/\/www.ecuadortimes.net\/es\/hoy-se-decidira-continuidad-de-la-iniciativa-yasuni-itt\/"},"modified":"2013-08-13T00:00:00","modified_gmt":"2013-08-13T00:00:00","slug":"hoy-se-decidira-continuidad-de-la-iniciativa-yasuni-itt","status":"publish","type":"post","link":"https:\/\/www.ecuadortimes.net\/es\/hoy-se-decidira-continuidad-de-la-iniciativa-yasuni-itt\/","title":{"rendered":"Hoy se decidir\u00e1 continuidad de la iniciativa Yasun\u00ed ITT"},"content":{"rendered":"<p><a href=\"http:\/\/www.ecuadortimes.net\/es\/2013\/08\/13\/hoy-se-decidira-continuidad-de-la-iniciativa-yasuni-itt\/yasuni1-3\/\" rel=\"attachment wp-att-123810\"><img loading=\"lazy\" class=\"alignleft size-full wp-image-123810\" title=\"yasuni1\" src=\"http:\/\/media.ecuadortimes.net\/2013\/08\/yasuni1.jpg\" alt=\"\" width=\"340\" height=\"256\" \/><\/a><strong>El presidente Rafael Correa anunci\u00f3 ayer, a trav\u00e9s de su cuenta de Twitter, que hoy en una reuni\u00f3n en la Vicepresidencia de la Rep\u00fablica, se tomar\u00e1 una decisi\u00f3n definitiva sobre iniciativa Yasun\u00ed-ITT.<\/strong><\/p>\n<p>Hace una semana Ivonne Baki, jefa negociadora del Yasun\u00ed, admiti\u00f3 que no se han conseguido los resultados que se esperaban por la falta de aportes de pa\u00edses desarrollados.<\/p>\n<p><strong>El fin de la iniciativa era dejar bajo tierra el petr\u00f3leo de los campos (Ishpingo, Tambococha y Tiputini), ubicados en el Parque Nacional Yasun\u00ed, siempre y cuando la comunidad internacional realizara un aporte de $ 3 600 millones<\/strong> (la mitad de lo que obtendr\u00eda el Estado si explotara ese petr\u00f3leo) en los pr\u00f3ximos doce a\u00f1os.<\/p>\n<p>Sin embargo, hasta el momento solo se han recaudado m\u00e1s de $ 300 millones entre compromisos y dinero ya asignado.<\/p>\n","protected":false},"excerpt":{"rendered":"<p>El presidente Rafael Correa anunci\u00f3 ayer, a trav\u00e9s de su cuenta de Twitter, que hoy en una reuni\u00f3n en la Vicepresidencia de la Rep\u00fablica, se tomar\u00e1 una decisi\u00f3n definitiva sobre iniciativa Yasun\u00ed-ITT. Hace una semana Ivonne Baki, jefa negociadora del Yasun\u00ed, admiti\u00f3 que no se han conseguido los resultados que se esperaban por la falta de aportes de pa\u00edses desarrollados. El fin de la iniciativa era dejar bajo tierra el petr\u00f3leo de los campos (Ishpingo, Tambococha y Tiputini), ubicados en el Parque Nacional Yasun\u00ed, siempre y cuando la comunidad internacional realizara un aporte de $ 3 600 millones (la mitad de lo que obtendr\u00eda el Estado si explotara ese petr\u00f3leo) en los pr\u00f3ximos doce a\u00f1os. Sin embargo, hasta el momento solo se han recaudado m\u00e1s de $ 300 millones entre compromisos y dinero ya asignado.<\/p>\n","protected":false},"author":1,"featured_media":220230,"comment_status":"open","ping_status":"open","sticky":false,"template":"","format":"standard","meta":[],"categories":[32,41,37],"tags":[],"_links":{"self":[{"href":"https:\/\/www.ecuadortimes.net\/es\/wp-json\/wp\/v2\/posts\/220229"}],"collection":[{"href":"https:\/\/www.ecuadortimes.net\/es\/wp-json\/wp\/v2\/posts"}],"about":[{"href":"https:\/\/www.ecuadortimes.net\/es\/wp-json\/wp\/v2\/types\/post"}],"author":[{"embeddable":true,"href":"https:\/\/www.ecuadortimes.net\/es\/wp-json\/wp\/v2\/users\/1"}],"replies":[{"embeddable":true,"href":"https:\/\/www.ecuadortimes.net\/es\/wp-json\/wp\/v2\/comments?post=220229"}],"version-history":[{"count":0,"href":"https:\/\/www.ecuadortimes.net\/es\/wp-json\/wp\/v2\/posts\/220229\/revisions"}],"wp:featuredmedia":[{"embeddable":true,"href":"https:\/\/www.ecuadortimes.net\/es\/wp-json\/wp\/v2\/media\/220230"}],"wp:attachment":[{"href":"https:\/\/www.ecuadortimes.net\/es\/wp-json\/wp\/v2\/media?parent=220229"}],"wp:term":[{"taxonomy":"category","embeddable":true,"href":"https:\/\/www.ecuadortimes.net\/es\/wp-json\/wp\/v2\/categories?post=220229"},{"taxonomy":"post_tag","embeddable":true,"href":"https:\/\/www.ecuadortimes.net\/es\/wp-json\/wp\/v2\/tags?post=220229"}],"curies":[{"name":"wp","href":"https:\/\/api.w.org\/{rel}","templated":true}]}}