{"id":220233,"date":"2013-08-13T00:00:00","date_gmt":"2013-08-13T00:00:00","guid":{"rendered":"https:\/\/www.ecuadortimes.net\/es\/iess-recorta-personal\/"},"modified":"2013-08-13T00:00:00","modified_gmt":"2013-08-13T00:00:00","slug":"iess-recorta-personal","status":"publish","type":"post","link":"https:\/\/www.ecuadortimes.net\/es\/iess-recorta-personal\/","title":{"rendered":"IESS recorta personal"},"content":{"rendered":"<div id=\"attachment_123820\" style=\"width: 234px\" class=\"wp-caption alignleft\"><img aria-describedby=\"caption-attachment-123820\" loading=\"lazy\" class=\"size-medium wp-image-123820\" title=\"IESS despide personal\" src=\"http:\/\/media.ecuadortimes.net\/2013\/08\/IESS-layofss-personel1-224x300.jpeg\" alt=\"IESS despide personal\" width=\"224\" height=\"300\" \/><p id=\"caption-attachment-123820\" class=\"wp-caption-text\">IESS despide personal<\/p><\/div>\n<p><strong>El pasado viernes, 9 de agosto, cerca de 1 250 trabajadores del Instituto Ecuatoriano de Seguridad Social (IESS) fueron separados del organismo.<\/strong><\/p>\n<p>Miguel Garc\u00eda, presidente de la Federaci\u00f3n Nacional de Servidores P\u00fablicos (Fenasep), asegur\u00f3 que eran personas bajo contrato o con nombramientos provisionales. Estos empleados ten\u00edan menos de un a\u00f1o en la entidad, quienes fueron contratados con un nombramiento provisional y tambi\u00e9n los que fueron contratados de forma directa sin un concurso previo.<\/p>\n<p>La decisi\u00f3n del recorte se realiz\u00f3 con el prop\u00f3sito de reducir el peso del gasto salarial de las \u00e1reas administrativas de la entidad. Hasta el momento no se descartan m\u00e1s despidos e, incluso, podr\u00eda llegar a un recorte total de 1 500 personas.<\/p>\n<p>Garc\u00eda explic\u00f3 que en el 2012, el IESS ten\u00eda a su disposici\u00f3n m\u00e1s de 20 000 empleados, entre personal m\u00e9dico y administrativo. <strong><em>El IESS ha sistematizado gran parte de sus sistemas por lo que lo l\u00f3gico era reducir el n\u00famero de empleados administrativos y m\u00e1s bien contratar m\u00e9dicos especialistas, que son los que nos faltan<\/em><\/strong>&#8220;, se\u00f1al\u00f3 el alto funcionario del IESS.<\/p>\n","protected":false},"excerpt":{"rendered":"<p>El pasado viernes, 9 de agosto, cerca de 1 250 trabajadores del Instituto Ecuatoriano de Seguridad Social (IESS) fueron separados del organismo. Miguel Garc\u00eda, presidente de la Federaci\u00f3n Nacional de Servidores P\u00fablicos (Fenasep), asegur\u00f3 que eran personas bajo contrato o con nombramientos provisionales. Estos empleados ten\u00edan menos de un a\u00f1o en la entidad, quienes fueron contratados con un nombramiento provisional y tambi\u00e9n los que fueron contratados de forma directa sin un concurso previo. La decisi\u00f3n del recorte se realiz\u00f3 con el prop\u00f3sito de reducir el peso del gasto salarial de las \u00e1reas administrativas de la entidad. Hasta el momento no se descartan m\u00e1s despidos e, incluso, podr\u00eda llegar a un recorte total de 1 500 personas. Garc\u00eda explic\u00f3 que en el 2012, el IESS ten\u00eda a su disposici\u00f3n m\u00e1s de 20 000 empleados, entre personal m\u00e9dico y administrativo. El IESS ha sistematizado gran parte de sus sistemas por lo que lo l\u00f3gico era reducir el n\u00famero de empleados administrativos y m\u00e1s bien contratar m\u00e9dicos especialistas, que son los que nos faltan&#8220;, se\u00f1al\u00f3 el alto funcionario del IESS.<\/p>\n","protected":false},"author":1,"featured_media":220234,"comment_status":"open","ping_status":"open","sticky":false,"template":"","format":"standard","meta":[],"categories":[43,37],"tags":[],"_links":{"self":[{"href":"https:\/\/www.ecuadortimes.net\/es\/wp-json\/wp\/v2\/posts\/220233"}],"collection":[{"href":"https:\/\/www.ecuadortimes.net\/es\/wp-json\/wp\/v2\/posts"}],"about":[{"href":"https:\/\/www.ecuadortimes.net\/es\/wp-json\/wp\/v2\/types\/post"}],"author":[{"embeddable":true,"href":"https:\/\/www.ecuadortimes.net\/es\/wp-json\/wp\/v2\/users\/1"}],"replies":[{"embeddable":true,"href":"https:\/\/www.ecuadortimes.net\/es\/wp-json\/wp\/v2\/comments?post=220233"}],"version-history":[{"count":0,"href":"https:\/\/www.ecuadortimes.net\/es\/wp-json\/wp\/v2\/posts\/220233\/revisions"}],"wp:featuredmedia":[{"embeddable":true,"href":"https:\/\/www.ecuadortimes.net\/es\/wp-json\/wp\/v2\/media\/220234"}],"wp:attachment":[{"href":"https:\/\/www.ecuadortimes.net\/es\/wp-json\/wp\/v2\/media?parent=220233"}],"wp:term":[{"taxonomy":"category","embeddable":true,"href":"https:\/\/www.ecuadortimes.net\/es\/wp-json\/wp\/v2\/categories?post=220233"},{"taxonomy":"post_tag","embeddable":true,"href":"https:\/\/www.ecuadortimes.net\/es\/wp-json\/wp\/v2\/tags?post=220233"}],"curies":[{"name":"wp","href":"https:\/\/api.w.org\/{rel}","templated":true}]}}