{"id":220235,"date":"2013-08-13T00:00:00","date_gmt":"2013-08-13T00:00:00","guid":{"rendered":"https:\/\/www.ecuadortimes.net\/es\/luis-soler-es-el-nuevo-tecnico-de-barcelona\/"},"modified":"2013-08-13T00:00:00","modified_gmt":"2013-08-13T00:00:00","slug":"luis-soler-es-el-nuevo-tecnico-de-barcelona","status":"publish","type":"post","link":"https:\/\/www.ecuadortimes.net\/es\/luis-soler-es-el-nuevo-tecnico-de-barcelona\/","title":{"rendered":"Luis Soler es el nuevo t\u00e9cnico de Barcelona"},"content":{"rendered":"<p><a href=\"http:\/\/www.ecuadortimes.net\/es\/2013\/08\/13\/luis-soler-es-el-nuevo-tecnico-de-barcelona\/luis-soler\/\" rel=\"attachment wp-att-123861\"><img loading=\"lazy\" class=\"alignleft size-full wp-image-123861\" title=\"Luis-Soler\" src=\"http:\/\/media.ecuadortimes.net\/2013\/08\/Luis-Soler.jpg\" alt=\"\" width=\"340\" height=\"256\" \/><\/a>Fue director t\u00e9cnico de Deportivo Cuenca y es de nacionalidad argentina y desde ayer es timonel de Barcelona de Guayaquil en un contrato hasta diciembre pr\u00f3ximo.<\/p>\n<p>Luis Soler fue confirmado en reemplazo de su compatriota Gustavo Costas, quien oficializ\u00f3 su salida el viernes pasado, como consecuencia de una mala campa\u00f1a que desbord\u00f3 con la derrota en el Cl\u00e1sico del Astillero y la eliminaci\u00f3n de la Copa Sudamericana perdiendo 0 a 2 ante Mineros de Venezuela.<\/p>\n<p>Si la ve bien, Soler tiene la opci\u00f3n a renovar por un a\u00f1o, inform\u00f3 Barcelona en un comunicado.<\/p>\n<p>Otro de los candidatos que ten\u00eda Barcelona, adem\u00e1s de Soler, habr\u00eda sido el argentino Carlos Ischia, que en el 2011 gan\u00f3 el t\u00edtulo con Deportivo Quito, pero se habr\u00eda negado. Tambi\u00e9n son\u00f3 el nombre del t\u00e9cnico de la Selecci\u00f3n, Hern\u00e1n Dar\u00edo &#8220;Bolillo&#8221; G\u00f3mez.<\/p>\n","protected":false},"excerpt":{"rendered":"<p>Fue director t\u00e9cnico de Deportivo Cuenca y es de nacionalidad argentina y desde ayer es timonel de Barcelona de Guayaquil en un contrato hasta diciembre pr\u00f3ximo. Luis Soler fue confirmado en reemplazo de su compatriota Gustavo Costas, quien oficializ\u00f3 su salida el viernes pasado, como consecuencia de una mala campa\u00f1a que desbord\u00f3 con la derrota en el Cl\u00e1sico del Astillero y la eliminaci\u00f3n de la Copa Sudamericana perdiendo 0 a 2 ante Mineros de Venezuela. Si la ve bien, Soler tiene la opci\u00f3n a renovar por un a\u00f1o, inform\u00f3 Barcelona en un comunicado. Otro de los candidatos que ten\u00eda Barcelona, adem\u00e1s de Soler, habr\u00eda sido el argentino Carlos Ischia, que en el 2011 gan\u00f3 el t\u00edtulo con Deportivo Quito, pero se habr\u00eda negado. Tambi\u00e9n son\u00f3 el nombre del t\u00e9cnico de la Selecci\u00f3n, Hern\u00e1n Dar\u00edo &#8220;Bolillo&#8221; G\u00f3mez.<\/p>\n","protected":false},"author":1,"featured_media":220236,"comment_status":"open","ping_status":"open","sticky":false,"template":"","format":"standard","meta":[],"categories":[38,37],"tags":[],"_links":{"self":[{"href":"https:\/\/www.ecuadortimes.net\/es\/wp-json\/wp\/v2\/posts\/220235"}],"collection":[{"href":"https:\/\/www.ecuadortimes.net\/es\/wp-json\/wp\/v2\/posts"}],"about":[{"href":"https:\/\/www.ecuadortimes.net\/es\/wp-json\/wp\/v2\/types\/post"}],"author":[{"embeddable":true,"href":"https:\/\/www.ecuadortimes.net\/es\/wp-json\/wp\/v2\/users\/1"}],"replies":[{"embeddable":true,"href":"https:\/\/www.ecuadortimes.net\/es\/wp-json\/wp\/v2\/comments?post=220235"}],"version-history":[{"count":0,"href":"https:\/\/www.ecuadortimes.net\/es\/wp-json\/wp\/v2\/posts\/220235\/revisions"}],"wp:featuredmedia":[{"embeddable":true,"href":"https:\/\/www.ecuadortimes.net\/es\/wp-json\/wp\/v2\/media\/220236"}],"wp:attachment":[{"href":"https:\/\/www.ecuadortimes.net\/es\/wp-json\/wp\/v2\/media?parent=220235"}],"wp:term":[{"taxonomy":"category","embeddable":true,"href":"https:\/\/www.ecuadortimes.net\/es\/wp-json\/wp\/v2\/categories?post=220235"},{"taxonomy":"post_tag","embeddable":true,"href":"https:\/\/www.ecuadortimes.net\/es\/wp-json\/wp\/v2\/tags?post=220235"}],"curies":[{"name":"wp","href":"https:\/\/api.w.org\/{rel}","templated":true}]}}