{"id":220239,"date":"2013-08-13T00:00:00","date_gmt":"2013-08-13T00:00:00","guid":{"rendered":"https:\/\/www.ecuadortimes.net\/es\/principe-friso-de-holanda-fallece-despues-de-ano-y-medio-en-coma\/"},"modified":"2013-08-13T00:00:00","modified_gmt":"2013-08-13T00:00:00","slug":"principe-friso-de-holanda-fallece-despues-de-ano-y-medio-en-coma","status":"publish","type":"post","link":"https:\/\/www.ecuadortimes.net\/es\/principe-friso-de-holanda-fallece-despues-de-ano-y-medio-en-coma\/","title":{"rendered":"Pr\u00edncipe Friso de Holanda fallece despu\u00e9s de a\u00f1o y medio en coma"},"content":{"rendered":"<p>La familia real holandesa est\u00e1 de luto tras la repentina muerte del pr\u00edncipe Friso, hermano del actual monarca, el rey Guillermo Alejandro.<\/p>\n<p>Un comunicado de la Casa Real indic\u00f3 que Friso muri\u00f3 en el palacio de Huis ten Bosch, una de las residencias de la monarqu\u00eda, por complicaciones tras el da\u00f1o cerebral que dej\u00f3 la falta de ox\u00edgeno, luego de su accidente.<\/p>\n<p>La tragedia tom\u00f3 por sorpresa a todos en la Casa Real. Tanto el rey como su esposa M\u00e1xima estaban de vacaciones en Grecia. La Casa Real a\u00fan no ha informado d\u00f3nde descansar\u00e1n los restos de Friso, ni cu\u00e1ndo ser\u00e1 el funeral.<\/p>\n<p>El 17 de febrero del 2012, el Conde de Orange Nassau sufri\u00f3 un accidente de esqu\u00ed en la localidad austriaca de Lech dej\u00e1ndolo en coma durante un a\u00f1o y medio.<\/p>\n","protected":false},"excerpt":{"rendered":"<p>La familia real holandesa est\u00e1 de luto tras la repentina muerte del pr\u00edncipe Friso, hermano del actual monarca, el rey Guillermo Alejandro. Un comunicado de la Casa Real indic\u00f3 que Friso muri\u00f3 en el palacio de Huis ten Bosch, una de las residencias de la monarqu\u00eda, por complicaciones tras el da\u00f1o cerebral que dej\u00f3 la falta de ox\u00edgeno, luego de su accidente. La tragedia tom\u00f3 por sorpresa a todos en la Casa Real. Tanto el rey como su esposa M\u00e1xima estaban de vacaciones en Grecia. La Casa Real a\u00fan no ha informado d\u00f3nde descansar\u00e1n los restos de Friso, ni cu\u00e1ndo ser\u00e1 el funeral. El 17 de febrero del 2012, el Conde de Orange Nassau sufri\u00f3 un accidente de esqu\u00ed en la localidad austriaca de Lech dej\u00e1ndolo en coma durante un a\u00f1o y medio.<\/p>\n","protected":false},"author":1,"featured_media":220240,"comment_status":"open","ping_status":"open","sticky":false,"template":"","format":"standard","meta":[],"categories":[50,44],"tags":[],"_links":{"self":[{"href":"https:\/\/www.ecuadortimes.net\/es\/wp-json\/wp\/v2\/posts\/220239"}],"collection":[{"href":"https:\/\/www.ecuadortimes.net\/es\/wp-json\/wp\/v2\/posts"}],"about":[{"href":"https:\/\/www.ecuadortimes.net\/es\/wp-json\/wp\/v2\/types\/post"}],"author":[{"embeddable":true,"href":"https:\/\/www.ecuadortimes.net\/es\/wp-json\/wp\/v2\/users\/1"}],"replies":[{"embeddable":true,"href":"https:\/\/www.ecuadortimes.net\/es\/wp-json\/wp\/v2\/comments?post=220239"}],"version-history":[{"count":0,"href":"https:\/\/www.ecuadortimes.net\/es\/wp-json\/wp\/v2\/posts\/220239\/revisions"}],"wp:featuredmedia":[{"embeddable":true,"href":"https:\/\/www.ecuadortimes.net\/es\/wp-json\/wp\/v2\/media\/220240"}],"wp:attachment":[{"href":"https:\/\/www.ecuadortimes.net\/es\/wp-json\/wp\/v2\/media?parent=220239"}],"wp:term":[{"taxonomy":"category","embeddable":true,"href":"https:\/\/www.ecuadortimes.net\/es\/wp-json\/wp\/v2\/categories?post=220239"},{"taxonomy":"post_tag","embeddable":true,"href":"https:\/\/www.ecuadortimes.net\/es\/wp-json\/wp\/v2\/tags?post=220239"}],"curies":[{"name":"wp","href":"https:\/\/api.w.org\/{rel}","templated":true}]}}