{"id":220241,"date":"2013-08-13T00:00:00","date_gmt":"2013-08-13T00:00:00","guid":{"rendered":"https:\/\/www.ecuadortimes.net\/es\/tres-lideres-de-sendero-luminoso-fueron-abatidos\/"},"modified":"2013-08-13T00:00:00","modified_gmt":"2013-08-13T00:00:00","slug":"tres-lideres-de-sendero-luminoso-fueron-abatidos","status":"publish","type":"post","link":"https:\/\/www.ecuadortimes.net\/es\/tres-lideres-de-sendero-luminoso-fueron-abatidos\/","title":{"rendered":"Tres l\u00edderes de Sendero Luminoso fueron abatidos"},"content":{"rendered":"<div id=\"attachment_123876\" style=\"width: 310px\" class=\"wp-caption alignright\"><img aria-describedby=\"caption-attachment-123876\" loading=\"lazy\" class=\"size-medium wp-image-123876\" title=\"Marco Antonio Quispe alias camarada Gabriel\" src=\"http:\/\/media.ecuadortimes.net\/2013\/08\/Marco-Antonio-Quispe3-300x225.jpg\" alt=\"Marco Antonio Quispe alias camarada Gabriel\" width=\"300\" height=\"225\" \/><p id=\"caption-attachment-123876\" class=\"wp-caption-text\">Marco Antonio Quispe alias camarada Gabriel<\/p><\/div>\n<p>Ollanta Humala, presidente de Per\u00fa, confirm\u00f3 ayer que durante la noche del domingo pasado, tres l\u00edderes militares del grupo armado Sendero Luminoso fueron liquidados en el Valle de los r\u00edos Apur\u00edmac, Ene y Mantaro, durante un fuerte cruce de fuego con las fuerzas de seguridad.<\/p>\n<p><em><strong>Las fuentes de inteligencia que han participado en esta acci\u00f3n nos afirman que los delincuentes terroristas muertos ser\u00edan el n\u00famero uno y el n\u00famero dos de la estructura militar de Sendero Luminoso: Alejandro Borda Casafranca, conocido como camarada Alipio, y Marco Antonio Quispe Palomino, que ser\u00eda camarada Gabriel<\/strong><\/em>\u009d, declar\u00f3 Humala a la estaci\u00f3n Radio Programas del Per\u00fa (RPP).<\/p>\n<p>Humala indic\u00f3 que el tercer miembro fue identificado como el camarada Alfonso, la mano derecha de Alipio. Sin embargo, aun se esperan los resultados del examen forense para confirmar la identidad exacta de los tres fallecidos.<\/p>\n","protected":false},"excerpt":{"rendered":"<p>Ollanta Humala, presidente de Per\u00fa, confirm\u00f3 ayer que durante la noche del domingo pasado, tres l\u00edderes militares del grupo armado Sendero Luminoso fueron liquidados en el Valle de los r\u00edos Apur\u00edmac, Ene y Mantaro, durante un fuerte cruce de fuego con las fuerzas de seguridad. Las fuentes de inteligencia que han participado en esta acci\u00f3n nos afirman que los delincuentes terroristas muertos ser\u00edan el n\u00famero uno y el n\u00famero dos de la estructura militar de Sendero Luminoso: Alejandro Borda Casafranca, conocido como camarada Alipio, y Marco Antonio Quispe Palomino, que ser\u00eda camarada Gabriel\u009d, declar\u00f3 Humala a la estaci\u00f3n Radio Programas del Per\u00fa (RPP). Humala indic\u00f3 que el tercer miembro fue identificado como el camarada Alfonso, la mano derecha de Alipio. Sin embargo, aun se esperan los resultados del examen forense para confirmar la identidad exacta de los tres fallecidos.<\/p>\n","protected":false},"author":1,"featured_media":220242,"comment_status":"open","ping_status":"open","sticky":false,"template":"","format":"standard","meta":[],"categories":[34,37],"tags":[],"_links":{"self":[{"href":"https:\/\/www.ecuadortimes.net\/es\/wp-json\/wp\/v2\/posts\/220241"}],"collection":[{"href":"https:\/\/www.ecuadortimes.net\/es\/wp-json\/wp\/v2\/posts"}],"about":[{"href":"https:\/\/www.ecuadortimes.net\/es\/wp-json\/wp\/v2\/types\/post"}],"author":[{"embeddable":true,"href":"https:\/\/www.ecuadortimes.net\/es\/wp-json\/wp\/v2\/users\/1"}],"replies":[{"embeddable":true,"href":"https:\/\/www.ecuadortimes.net\/es\/wp-json\/wp\/v2\/comments?post=220241"}],"version-history":[{"count":0,"href":"https:\/\/www.ecuadortimes.net\/es\/wp-json\/wp\/v2\/posts\/220241\/revisions"}],"wp:featuredmedia":[{"embeddable":true,"href":"https:\/\/www.ecuadortimes.net\/es\/wp-json\/wp\/v2\/media\/220242"}],"wp:attachment":[{"href":"https:\/\/www.ecuadortimes.net\/es\/wp-json\/wp\/v2\/media?parent=220241"}],"wp:term":[{"taxonomy":"category","embeddable":true,"href":"https:\/\/www.ecuadortimes.net\/es\/wp-json\/wp\/v2\/categories?post=220241"},{"taxonomy":"post_tag","embeddable":true,"href":"https:\/\/www.ecuadortimes.net\/es\/wp-json\/wp\/v2\/tags?post=220241"}],"curies":[{"name":"wp","href":"https:\/\/api.w.org\/{rel}","templated":true}]}}