{"id":220243,"date":"2013-08-13T00:00:00","date_gmt":"2013-08-13T00:00:00","guid":{"rendered":"https:\/\/www.ecuadortimes.net\/es\/cocinetas-de-induccion-son-probadas-en-tulcan\/"},"modified":"2013-08-13T00:00:00","modified_gmt":"2013-08-13T00:00:00","slug":"cocinetas-de-induccion-son-probadas-en-tulcan","status":"publish","type":"post","link":"https:\/\/www.ecuadortimes.net\/es\/cocinetas-de-induccion-son-probadas-en-tulcan\/","title":{"rendered":"Cocinetas de inducci\u00f3n son probadas en Tulc\u00e1n"},"content":{"rendered":"<div id=\"attachment_123887\" style=\"width: 310px\" class=\"wp-caption alignright\"><img aria-describedby=\"caption-attachment-123887\" loading=\"lazy\" class=\"size-medium wp-image-123887\" title=\"Cocinas de inducci\u00f3n patrocinadas por el r\u00e9gimen\" src=\"http:\/\/media.ecuadortimes.net\/2013\/08\/Induction-kitchens-of-corruption3-300x225.jpg\" alt=\"Cocinas de inducci\u00f3n patrocinadas por el r\u00e9gimen\" width=\"300\" height=\"225\" \/><p id=\"caption-attachment-123887\" class=\"wp-caption-text\">Cocinas de inducci\u00f3n patrocinadas por el r\u00e9gimen<\/p><\/div>\n<p><strong>Tras el anuncio del r\u00e9gimen ecuatoriano de reemplazar, para el 2016, el Gas Licuado de Petr\u00f3leo (GLP) por energ\u00eda el\u00e9ctrica para las cocinas de las viviendas ecuatorianas, esto es parte del plan para eliminar el subsidio de gas<\/strong> y ya ha sido experimentado en las parroquias de El Carchi como Chical, Tufi\u00f1o, Urbina, El Carmelo y Julio Andrade.<\/p>\n<p>Fue a partir del 2012, que el r\u00e9gimen, por medio del Ministerio de\u00a0Electricidad y Energ\u00edas Renovables (MEER), dio m\u00e1s de 3 mil cocinetas el\u00e9ctricas de inducci\u00f3n de una hornilla con el prop\u00f3sito de disminuir el contrabando de GLP, que ocurr\u00eda com\u00fanmente en la frontera norte.<\/p>\n<p>El administrador del Distrito Carchi, <strong>Wilson<\/strong> <strong>Rosero<\/strong>, de la empresa el\u00e9ctrica Emelnorte, indic\u00f3 que el a\u00f1o pasado se entregaron cerca de 3 000 cocinetas de inducci\u00f3n para los grupos m\u00e1s vulnerables.<\/p>\n<p>Por su parte, el ministro de Electricidad, <strong>Esteban<\/strong> <strong>Albornoz<\/strong>, explic\u00f3 ayer que la idea principal es que los ciudadanos no paguen m\u00e1s de lo que gastaban cuando cocinaban con gas.<\/p>\n","protected":false},"excerpt":{"rendered":"<p>Tras el anuncio del r\u00e9gimen ecuatoriano de reemplazar, para el 2016, el Gas Licuado de Petr\u00f3leo (GLP) por energ\u00eda el\u00e9ctrica para las cocinas de las viviendas ecuatorianas, esto es parte del plan para eliminar el subsidio de gas y ya ha sido experimentado en las parroquias de El Carchi como Chical, Tufi\u00f1o, Urbina, El Carmelo y Julio Andrade. Fue a partir del 2012, que el r\u00e9gimen, por medio del Ministerio de\u00a0Electricidad y Energ\u00edas Renovables (MEER), dio m\u00e1s de 3 mil cocinetas el\u00e9ctricas de inducci\u00f3n de una hornilla con el prop\u00f3sito de disminuir el contrabando de GLP, que ocurr\u00eda com\u00fanmente en la frontera norte. El administrador del Distrito Carchi, Wilson Rosero, de la empresa el\u00e9ctrica Emelnorte, indic\u00f3 que el a\u00f1o pasado se entregaron cerca de 3 000 cocinetas de inducci\u00f3n para los grupos m\u00e1s vulnerables. Por su parte, el ministro de Electricidad, Esteban Albornoz, explic\u00f3 ayer que la idea principal es que los ciudadanos no paguen m\u00e1s de lo que gastaban cuando cocinaban con gas.<\/p>\n","protected":false},"author":1,"featured_media":220244,"comment_status":"open","ping_status":"open","sticky":false,"template":"","format":"standard","meta":[],"categories":[43,37],"tags":[],"_links":{"self":[{"href":"https:\/\/www.ecuadortimes.net\/es\/wp-json\/wp\/v2\/posts\/220243"}],"collection":[{"href":"https:\/\/www.ecuadortimes.net\/es\/wp-json\/wp\/v2\/posts"}],"about":[{"href":"https:\/\/www.ecuadortimes.net\/es\/wp-json\/wp\/v2\/types\/post"}],"author":[{"embeddable":true,"href":"https:\/\/www.ecuadortimes.net\/es\/wp-json\/wp\/v2\/users\/1"}],"replies":[{"embeddable":true,"href":"https:\/\/www.ecuadortimes.net\/es\/wp-json\/wp\/v2\/comments?post=220243"}],"version-history":[{"count":0,"href":"https:\/\/www.ecuadortimes.net\/es\/wp-json\/wp\/v2\/posts\/220243\/revisions"}],"wp:featuredmedia":[{"embeddable":true,"href":"https:\/\/www.ecuadortimes.net\/es\/wp-json\/wp\/v2\/media\/220244"}],"wp:attachment":[{"href":"https:\/\/www.ecuadortimes.net\/es\/wp-json\/wp\/v2\/media?parent=220243"}],"wp:term":[{"taxonomy":"category","embeddable":true,"href":"https:\/\/www.ecuadortimes.net\/es\/wp-json\/wp\/v2\/categories?post=220243"},{"taxonomy":"post_tag","embeddable":true,"href":"https:\/\/www.ecuadortimes.net\/es\/wp-json\/wp\/v2\/tags?post=220243"}],"curies":[{"name":"wp","href":"https:\/\/api.w.org\/{rel}","templated":true}]}}