{"id":220245,"date":"2013-08-13T00:00:00","date_gmt":"2013-08-13T00:00:00","guid":{"rendered":"https:\/\/www.ecuadortimes.net\/es\/la-millonaria-espana-frente-a-la-ascendente-ecuador\/"},"modified":"2013-08-13T00:00:00","modified_gmt":"2013-08-13T00:00:00","slug":"la-millonaria-espana-frente-a-la-ascendente-ecuador","status":"publish","type":"post","link":"https:\/\/www.ecuadortimes.net\/es\/la-millonaria-espana-frente-a-la-ascendente-ecuador\/","title":{"rendered":"La millonaria Espa\u00f1a frente a la ascendente Ecuador"},"content":{"rendered":"<p>Las selecciones de f\u00fatbol se enfrentan ma\u00f1ana en un amistoso denominado &#8220;<em><strong>el partido del siglo<\/strong><\/em>&#8220;, en el que los probables titulares ib\u00e9ricos suman 407 millones de d\u00f3lares, mientras que la Tri lleg\u00f3 a ubicarse en el puesto 10 de la lista de la FIFA este a\u00f1o.<\/p>\n<p>Como un partido de preparaci\u00f3n, el encuentro ha generado mucha expectativa en los ecuatorianos, especialmente en Guayaquil, donde se jugar\u00e1 el partido (estadio Monumental), mientras que a nivel mundial hay curiosidad por conocer el desempe\u00f1o de Espa\u00f1a, despu\u00e9s de perder de manera contundente la final de la Copa Confederaciones ante Brasil 3 a 0 en junio pasado, lo que rompi\u00f3 una l\u00edmpida trayectoria que logr\u00f3 dos copas Europeas y una mundial.<\/p>\n","protected":false},"excerpt":{"rendered":"<p>Las selecciones de f\u00fatbol se enfrentan ma\u00f1ana en un amistoso denominado &#8220;el partido del siglo&#8220;, en el que los probables titulares ib\u00e9ricos suman 407 millones de d\u00f3lares, mientras que la Tri lleg\u00f3 a ubicarse en el puesto 10 de la lista de la FIFA este a\u00f1o. Como un partido de preparaci\u00f3n, el encuentro ha generado mucha expectativa en los ecuatorianos, especialmente en Guayaquil, donde se jugar\u00e1 el partido (estadio Monumental), mientras que a nivel mundial hay curiosidad por conocer el desempe\u00f1o de Espa\u00f1a, despu\u00e9s de perder de manera contundente la final de la Copa Confederaciones ante Brasil 3 a 0 en junio pasado, lo que rompi\u00f3 una l\u00edmpida trayectoria que logr\u00f3 dos copas Europeas y una mundial.<\/p>\n","protected":false},"author":1,"featured_media":220246,"comment_status":"open","ping_status":"open","sticky":false,"template":"","format":"standard","meta":[],"categories":[38,37],"tags":[],"_links":{"self":[{"href":"https:\/\/www.ecuadortimes.net\/es\/wp-json\/wp\/v2\/posts\/220245"}],"collection":[{"href":"https:\/\/www.ecuadortimes.net\/es\/wp-json\/wp\/v2\/posts"}],"about":[{"href":"https:\/\/www.ecuadortimes.net\/es\/wp-json\/wp\/v2\/types\/post"}],"author":[{"embeddable":true,"href":"https:\/\/www.ecuadortimes.net\/es\/wp-json\/wp\/v2\/users\/1"}],"replies":[{"embeddable":true,"href":"https:\/\/www.ecuadortimes.net\/es\/wp-json\/wp\/v2\/comments?post=220245"}],"version-history":[{"count":0,"href":"https:\/\/www.ecuadortimes.net\/es\/wp-json\/wp\/v2\/posts\/220245\/revisions"}],"wp:featuredmedia":[{"embeddable":true,"href":"https:\/\/www.ecuadortimes.net\/es\/wp-json\/wp\/v2\/media\/220246"}],"wp:attachment":[{"href":"https:\/\/www.ecuadortimes.net\/es\/wp-json\/wp\/v2\/media?parent=220245"}],"wp:term":[{"taxonomy":"category","embeddable":true,"href":"https:\/\/www.ecuadortimes.net\/es\/wp-json\/wp\/v2\/categories?post=220245"},{"taxonomy":"post_tag","embeddable":true,"href":"https:\/\/www.ecuadortimes.net\/es\/wp-json\/wp\/v2\/tags?post=220245"}],"curies":[{"name":"wp","href":"https:\/\/api.w.org\/{rel}","templated":true}]}}