{"id":220247,"date":"2013-08-13T00:00:00","date_gmt":"2013-08-13T00:00:00","guid":{"rendered":"https:\/\/www.ecuadortimes.net\/es\/papa-argentino-recibe-a-seleccion-de-futbol-de-su-pais\/"},"modified":"2013-08-13T00:00:00","modified_gmt":"2013-08-13T00:00:00","slug":"papa-argentino-recibe-a-seleccion-de-futbol-de-su-pais","status":"publish","type":"post","link":"https:\/\/www.ecuadortimes.net\/es\/papa-argentino-recibe-a-seleccion-de-futbol-de-su-pais\/","title":{"rendered":"Papa argentino recibe a selecci\u00f3n de f\u00fatbol de su pa\u00eds"},"content":{"rendered":"<p><strong>El delantero argentino Lionel Messi y sus compa\u00f1eros de la selecci\u00f3n nacional argentina, disfrutaron hoy de una audiencia privada en el Palacio Apost\u00f3lico con su compatriota el Papa Francisco I, primer pont\u00edfice latinoamericano, quien tambi\u00e9n recibi\u00f3 a la selecci\u00f3n italiana, en el marco de un encuentro amistoso entre ambos equipos el pr\u00f3ximo mi\u00e9rcoles.<\/strong><\/p>\n<p><strong>El f\u00fatbol me ha llevado por todo el mundo, en los puestos m\u00e1s incre\u00edbles, pero la de hoy es realmente una jornada especial, inolvidable\u009d, expres\u00f3 el cuatro veces Bal\u00f3n de Oro y capit\u00e1n de la selecci\u00f3n argentina, Lionel Messi, quien no jugar\u00e1 el amistoso y regres\u00f3 a la sede de su equipo en Espa\u00f1a para continuar con su recuperaci\u00f3n f\u00edsica, tras una lesi\u00f3n en su pierna izquierda.<\/strong><\/p>\n<p>Por su parte, el pont\u00edfice argentino indic\u00f3 que ser\u00e1 un poco dif\u00edcil para m\u00ed apoyar a uno u otro equipo, pero por suerte es un amistoso y que sea verdaderamente as\u00ed. Se los recomiendo\u009d.<\/p>\n<p>Finalmente, el Papa salud\u00f3 a cada uno de los jugadores y habl\u00f3 brevemente con ellos mientras comentaba, sonriendo, en el Vaticano dicen que soy indisciplinado, se debe a esto\u009d. A su vez, los jugadores le regalaron numerosas camisetas personalizadas y balones de f\u00fatbol, mientras que Messi le entreg\u00f3 una planta.<\/p>\n<div id=\"attachment_123918\" style=\"width: 560px\" class=\"wp-caption aligncenter\"><img aria-describedby=\"caption-attachment-123918\" loading=\"lazy\" class=\"size-full wp-image-123918\" title=\"El Papa Francisco junto a la selecci\u00f3n de f\u00fatbol argentina a la izquierda y la selecci\u00f3n de f\u00fatbol italiana a la derecha.\" src=\"http:\/\/media.ecuadortimes.net\/2013\/08\/papa-seleccion-argentina-recibe-l1.jpg\" alt=\"El Papa Francisco junto a la selecci\u00f3n de f\u00fatbol argentina a la izquierda y la selecci\u00f3n de f\u00fatbol italiana a la derecha.\" width=\"550\" height=\"366\" \/><p id=\"caption-attachment-123918\" class=\"wp-caption-text\">El Papa Francisco junto a la selecci\u00f3n de f\u00fatbol argentina a la izquierda y la selecci\u00f3n de f\u00fatbol italiana a la derecha.<\/p><\/div>\n","protected":false},"excerpt":{"rendered":"<p>El delantero argentino Lionel Messi y sus compa\u00f1eros de la selecci\u00f3n nacional argentina, disfrutaron hoy de una audiencia privada en el Palacio Apost\u00f3lico con su compatriota el Papa Francisco I, primer pont\u00edfice latinoamericano, quien tambi\u00e9n recibi\u00f3 a la selecci\u00f3n italiana, en el marco de un encuentro amistoso entre ambos equipos el pr\u00f3ximo mi\u00e9rcoles. El f\u00fatbol me ha llevado por todo el mundo, en los puestos m\u00e1s incre\u00edbles, pero la de hoy es realmente una jornada especial, inolvidable\u009d, expres\u00f3 el cuatro veces Bal\u00f3n de Oro y capit\u00e1n de la selecci\u00f3n argentina, Lionel Messi, quien no jugar\u00e1 el amistoso y regres\u00f3 a la sede de su equipo en Espa\u00f1a para continuar con su recuperaci\u00f3n f\u00edsica, tras una lesi\u00f3n en su pierna izquierda. Por su parte, el pont\u00edfice argentino indic\u00f3 que ser\u00e1 un poco dif\u00edcil para m\u00ed apoyar a uno u otro equipo, pero por suerte es un amistoso y que sea verdaderamente as\u00ed. Se los recomiendo\u009d. Finalmente, el Papa salud\u00f3 a cada uno de los jugadores y habl\u00f3 brevemente con ellos mientras comentaba, sonriendo, en el Vaticano dicen que soy indisciplinado, se debe a esto\u009d. A su vez, los jugadores le regalaron numerosas camisetas personalizadas y balones de f\u00fatbol, mientras que Messi le entreg\u00f3 una planta.<\/p>\n","protected":false},"author":1,"featured_media":220248,"comment_status":"open","ping_status":"open","sticky":false,"template":"","format":"standard","meta":[],"categories":[39,37],"tags":[],"_links":{"self":[{"href":"https:\/\/www.ecuadortimes.net\/es\/wp-json\/wp\/v2\/posts\/220247"}],"collection":[{"href":"https:\/\/www.ecuadortimes.net\/es\/wp-json\/wp\/v2\/posts"}],"about":[{"href":"https:\/\/www.ecuadortimes.net\/es\/wp-json\/wp\/v2\/types\/post"}],"author":[{"embeddable":true,"href":"https:\/\/www.ecuadortimes.net\/es\/wp-json\/wp\/v2\/users\/1"}],"replies":[{"embeddable":true,"href":"https:\/\/www.ecuadortimes.net\/es\/wp-json\/wp\/v2\/comments?post=220247"}],"version-history":[{"count":0,"href":"https:\/\/www.ecuadortimes.net\/es\/wp-json\/wp\/v2\/posts\/220247\/revisions"}],"wp:featuredmedia":[{"embeddable":true,"href":"https:\/\/www.ecuadortimes.net\/es\/wp-json\/wp\/v2\/media\/220248"}],"wp:attachment":[{"href":"https:\/\/www.ecuadortimes.net\/es\/wp-json\/wp\/v2\/media?parent=220247"}],"wp:term":[{"taxonomy":"category","embeddable":true,"href":"https:\/\/www.ecuadortimes.net\/es\/wp-json\/wp\/v2\/categories?post=220247"},{"taxonomy":"post_tag","embeddable":true,"href":"https:\/\/www.ecuadortimes.net\/es\/wp-json\/wp\/v2\/tags?post=220247"}],"curies":[{"name":"wp","href":"https:\/\/api.w.org\/{rel}","templated":true}]}}