{"id":220251,"date":"2013-08-13T00:00:00","date_gmt":"2013-08-13T00:00:00","guid":{"rendered":"https:\/\/www.ecuadortimes.net\/es\/hrw-no-esta-de-acuerdo-con-control-a-las-ong\/"},"modified":"2013-08-13T00:00:00","modified_gmt":"2013-08-13T00:00:00","slug":"hrw-no-esta-de-acuerdo-con-control-a-las-ong","status":"publish","type":"post","link":"https:\/\/www.ecuadortimes.net\/es\/hrw-no-esta-de-acuerdo-con-control-a-las-ong\/","title":{"rendered":"HRW no est\u00e1 de acuerdo con control a las ONG"},"content":{"rendered":"<p><strong>Socava el rol de dichas organizaciones\u009d, expres\u00f3 ayer el director para las Am\u00e9ricas de Human Rigths Watch (HRW), Jos\u00e9 Miguel Vivanco, quien realiz\u00f3 un reclamo al presidente ecuatoriano Rafael Correa para revocar el decreto que regula las organizaciones no gubernamentales (ONG).<\/strong><\/p>\n<p>El gobierno de Correa ha perjudicado la libertad de expresi\u00f3n, gastando mucha energ\u00eda sobre los medios y ahora intenta pisotear los grupos independientes\u009d, expres\u00f3 Vivanco, los funcionarios pueden decidir lo que los grupos deben y pueden decir, socavando seriamente su rol para controlar el gobierno\u009d, agreg\u00f3.<\/p>\n<p>El pasado junio, el mandatario ecuatoriano aprob\u00f3 un reglamento para el funcionamiento de las organizaciones sociales y ciudadanas que ampl\u00eda los requisitos para obtener el estatus legal en el pa\u00eds. El decreto limita la habilidad de los grupos para escoger qui\u00e9n puede ser miembro o participante, socavando su derecho a la libertad de asociaci\u00f3n\u009d, finaliz\u00f3 Vivanco.<\/p>\n<div id=\"attachment_123933\" style=\"width: 510px\" class=\"wp-caption aligncenter\"><img aria-describedby=\"caption-attachment-123933\" loading=\"lazy\" class=\"size-full wp-image-123933\" title=\"Jos\u00e9 Miguel Vivanco\" src=\"http:\/\/media.ecuadortimes.net\/2013\/08\/hrw-vivanco-ecuador-ong-l1.jpg\" alt=\"Jos\u00e9 Miguel Vivanco\" width=\"500\" height=\"304\" \/><p id=\"caption-attachment-123933\" class=\"wp-caption-text\">Jos\u00e9 Miguel Vivanco<\/p><\/div>\n","protected":false},"excerpt":{"rendered":"<p>Socava el rol de dichas organizaciones\u009d, expres\u00f3 ayer el director para las Am\u00e9ricas de Human Rigths Watch (HRW), Jos\u00e9 Miguel Vivanco, quien realiz\u00f3 un reclamo al presidente ecuatoriano Rafael Correa para revocar el decreto que regula las organizaciones no gubernamentales (ONG). El gobierno de Correa ha perjudicado la libertad de expresi\u00f3n, gastando mucha energ\u00eda sobre los medios y ahora intenta pisotear los grupos independientes\u009d, expres\u00f3 Vivanco, los funcionarios pueden decidir lo que los grupos deben y pueden decir, socavando seriamente su rol para controlar el gobierno\u009d, agreg\u00f3. El pasado junio, el mandatario ecuatoriano aprob\u00f3 un reglamento para el funcionamiento de las organizaciones sociales y ciudadanas que ampl\u00eda los requisitos para obtener el estatus legal en el pa\u00eds. El decreto limita la habilidad de los grupos para escoger qui\u00e9n puede ser miembro o participante, socavando su derecho a la libertad de asociaci\u00f3n\u009d, finaliz\u00f3 Vivanco.<\/p>\n","protected":false},"author":1,"featured_media":220252,"comment_status":"open","ping_status":"open","sticky":false,"template":"","format":"standard","meta":[],"categories":[40,37],"tags":[],"_links":{"self":[{"href":"https:\/\/www.ecuadortimes.net\/es\/wp-json\/wp\/v2\/posts\/220251"}],"collection":[{"href":"https:\/\/www.ecuadortimes.net\/es\/wp-json\/wp\/v2\/posts"}],"about":[{"href":"https:\/\/www.ecuadortimes.net\/es\/wp-json\/wp\/v2\/types\/post"}],"author":[{"embeddable":true,"href":"https:\/\/www.ecuadortimes.net\/es\/wp-json\/wp\/v2\/users\/1"}],"replies":[{"embeddable":true,"href":"https:\/\/www.ecuadortimes.net\/es\/wp-json\/wp\/v2\/comments?post=220251"}],"version-history":[{"count":0,"href":"https:\/\/www.ecuadortimes.net\/es\/wp-json\/wp\/v2\/posts\/220251\/revisions"}],"wp:featuredmedia":[{"embeddable":true,"href":"https:\/\/www.ecuadortimes.net\/es\/wp-json\/wp\/v2\/media\/220252"}],"wp:attachment":[{"href":"https:\/\/www.ecuadortimes.net\/es\/wp-json\/wp\/v2\/media?parent=220251"}],"wp:term":[{"taxonomy":"category","embeddable":true,"href":"https:\/\/www.ecuadortimes.net\/es\/wp-json\/wp\/v2\/categories?post=220251"},{"taxonomy":"post_tag","embeddable":true,"href":"https:\/\/www.ecuadortimes.net\/es\/wp-json\/wp\/v2\/tags?post=220251"}],"curies":[{"name":"wp","href":"https:\/\/api.w.org\/{rel}","templated":true}]}}