{"id":220255,"date":"2013-08-14T00:00:00","date_gmt":"2013-08-14T00:00:00","guid":{"rendered":"https:\/\/www.ecuadortimes.net\/es\/futuro-del-yasuni-aun-sin-definirse\/"},"modified":"2013-08-14T00:00:00","modified_gmt":"2013-08-14T00:00:00","slug":"futuro-del-yasuni-aun-sin-definirse","status":"publish","type":"post","link":"https:\/\/www.ecuadortimes.net\/es\/futuro-del-yasuni-aun-sin-definirse\/","title":{"rendered":"Futuro del Yasun\u00ed a\u00fan sin definirse"},"content":{"rendered":"<p><a href=\"http:\/\/www.ecuadortimes.net\/es\/2013\/08\/14\/futuro-del-yasuni-aun-sin-definirse\/yasuni1-5\/\" rel=\"attachment wp-att-123947\"><img loading=\"lazy\" class=\"size-full wp-image-123947 alignright\" title=\"yasuni1\" src=\"http:\/\/media.ecuadortimes.net\/2013\/08\/yasuni12.jpg\" alt=\"\" width=\"340\" height=\"256\" \/><\/a><strong>Tras una reuni\u00f3n que dur\u00f3 alrededor de una hora y quince minutos, realizada en la Vicepresidencia de la Rep\u00fablica con el fin de definir que pasar\u00e1 con el Yasun\u00ed-ITT, el futuro de esta iniciativa ecol\u00f3gica sigue siendo incierto<\/strong>, ya que lo \u00fanico que se conoci\u00f3 fue un comunicado en el que el vicepresidente Jorge Glas hace referencia a que los resultados econ\u00f3micos de la iniciativa no fueron los esperados por el Estado.<\/p>\n<p>El documento lleg\u00f3 sin informaci\u00f3n espec\u00edfica pese a que el pasado lunes, el presidente Rafael Correa anunci\u00f3 mediante su cuenta de Twitter que esta semana deber\u00e1 tomarse una decisi\u00f3n definitiva sobre la iniciativa Yasun\u00ed-ITT\u009d.<\/p>\n<p>El plan, que naci\u00f3 en el 2007; busca preservar bajo tierra 846 millones de barriles de petr\u00f3leo en los campo Ishpingo-Tambococha-Tiputini; a cambio de esto los pa\u00edses extranjeros contribuir\u00edan con $ 3 600 millones, que es el 50% de lo que se percibir\u00eda por el crudo; sin embargo hasta el momento solo se ha recaudado unos $ 367 millones.<\/p>\n","protected":false},"excerpt":{"rendered":"<p>Tras una reuni\u00f3n que dur\u00f3 alrededor de una hora y quince minutos, realizada en la Vicepresidencia de la Rep\u00fablica con el fin de definir que pasar\u00e1 con el Yasun\u00ed-ITT, el futuro de esta iniciativa ecol\u00f3gica sigue siendo incierto, ya que lo \u00fanico que se conoci\u00f3 fue un comunicado en el que el vicepresidente Jorge Glas hace referencia a que los resultados econ\u00f3micos de la iniciativa no fueron los esperados por el Estado. El documento lleg\u00f3 sin informaci\u00f3n espec\u00edfica pese a que el pasado lunes, el presidente Rafael Correa anunci\u00f3 mediante su cuenta de Twitter que esta semana deber\u00e1 tomarse una decisi\u00f3n definitiva sobre la iniciativa Yasun\u00ed-ITT\u009d. El plan, que naci\u00f3 en el 2007; busca preservar bajo tierra 846 millones de barriles de petr\u00f3leo en los campo Ishpingo-Tambococha-Tiputini; a cambio de esto los pa\u00edses extranjeros contribuir\u00edan con $ 3 600 millones, que es el 50% de lo que se percibir\u00eda por el crudo; sin embargo hasta el momento solo se ha recaudado unos $ 367 millones.<\/p>\n","protected":false},"author":1,"featured_media":220256,"comment_status":"open","ping_status":"open","sticky":false,"template":"","format":"standard","meta":[],"categories":[32,41,37],"tags":[],"_links":{"self":[{"href":"https:\/\/www.ecuadortimes.net\/es\/wp-json\/wp\/v2\/posts\/220255"}],"collection":[{"href":"https:\/\/www.ecuadortimes.net\/es\/wp-json\/wp\/v2\/posts"}],"about":[{"href":"https:\/\/www.ecuadortimes.net\/es\/wp-json\/wp\/v2\/types\/post"}],"author":[{"embeddable":true,"href":"https:\/\/www.ecuadortimes.net\/es\/wp-json\/wp\/v2\/users\/1"}],"replies":[{"embeddable":true,"href":"https:\/\/www.ecuadortimes.net\/es\/wp-json\/wp\/v2\/comments?post=220255"}],"version-history":[{"count":0,"href":"https:\/\/www.ecuadortimes.net\/es\/wp-json\/wp\/v2\/posts\/220255\/revisions"}],"wp:featuredmedia":[{"embeddable":true,"href":"https:\/\/www.ecuadortimes.net\/es\/wp-json\/wp\/v2\/media\/220256"}],"wp:attachment":[{"href":"https:\/\/www.ecuadortimes.net\/es\/wp-json\/wp\/v2\/media?parent=220255"}],"wp:term":[{"taxonomy":"category","embeddable":true,"href":"https:\/\/www.ecuadortimes.net\/es\/wp-json\/wp\/v2\/categories?post=220255"},{"taxonomy":"post_tag","embeddable":true,"href":"https:\/\/www.ecuadortimes.net\/es\/wp-json\/wp\/v2\/tags?post=220255"}],"curies":[{"name":"wp","href":"https:\/\/api.w.org\/{rel}","templated":true}]}}