{"id":220259,"date":"2013-08-14T00:00:00","date_gmt":"2013-08-14T00:00:00","guid":{"rendered":"https:\/\/www.ecuadortimes.net\/es\/ecuador-destaca-en-mundial-de-salsa-en-cali\/"},"modified":"2013-08-14T00:00:00","modified_gmt":"2013-08-14T00:00:00","slug":"ecuador-destaca-en-mundial-de-salsa-en-cali","status":"publish","type":"post","link":"https:\/\/www.ecuadortimes.net\/es\/ecuador-destaca-en-mundial-de-salsa-en-cali\/","title":{"rendered":"Ecuador destaca en Mundial de Salsa en Cali"},"content":{"rendered":"<p><img loading=\"lazy\" class=\"size-medium wp-image-123956 alignright\" title=\"Screen Shot 2013-08-13 at 17.18.39\" src=\"http:\/\/media.ecuadortimes.net\/2013\/08\/Screen-Shot-2013-08-13-at-17.18.391-300x210.png\" alt=\"\" width=\"300\" height=\"210\" \/>El Festival Mundial de la Salsa, celebrado en Cali, trajo como campeones absolutos a Colombia, luego de que la pareja conformada por Angie Osorio y Nilson Castro obtuvieran el primer lugar en estilo cale\u00f1o y en el estilo On1, fue liderado por Estefan\u00eda Tasc\u00f3n y Wader Segura del mismo pa\u00eds.<\/p>\n<p>En este festival, el cual rindi\u00f3 homenaje a Celia Cruz, quien cumpli\u00f3 10 a\u00f1os de fallecida, participaron representantes de Colombia, Francia, Ecuador, Puerto Rico, Costa Rica, Argentina y Estados Unidos.<\/p>\n<p>De la categor\u00eda On1, los representantes de Ecuador, Karina B\u00e1ez y Diego Vera, ocuparon el sexto lugar con 64 puntos. Igual suerte tuvieron Diana Hern\u00e1ndez y Hugo Osorio, que con 76 puntos no lograron superar la sexta plaza en la competencia de parejas cabar\u00e9, vencida por una pareja colombiana<\/p>\n","protected":false},"excerpt":{"rendered":"<p>El Festival Mundial de la Salsa, celebrado en Cali, trajo como campeones absolutos a Colombia, luego de que la pareja conformada por Angie Osorio y Nilson Castro obtuvieran el primer lugar en estilo cale\u00f1o y en el estilo On1, fue liderado por Estefan\u00eda Tasc\u00f3n y Wader Segura del mismo pa\u00eds. En este festival, el cual rindi\u00f3 homenaje a Celia Cruz, quien cumpli\u00f3 10 a\u00f1os de fallecida, participaron representantes de Colombia, Francia, Ecuador, Puerto Rico, Costa Rica, Argentina y Estados Unidos. De la categor\u00eda On1, los representantes de Ecuador, Karina B\u00e1ez y Diego Vera, ocuparon el sexto lugar con 64 puntos. Igual suerte tuvieron Diana Hern\u00e1ndez y Hugo Osorio, que con 76 puntos no lograron superar la sexta plaza en la competencia de parejas cabar\u00e9, vencida por una pareja colombiana<\/p>\n","protected":false},"author":1,"featured_media":0,"comment_status":"open","ping_status":"open","sticky":false,"template":"","format":"standard","meta":[],"categories":[44,42,37],"tags":[],"_links":{"self":[{"href":"https:\/\/www.ecuadortimes.net\/es\/wp-json\/wp\/v2\/posts\/220259"}],"collection":[{"href":"https:\/\/www.ecuadortimes.net\/es\/wp-json\/wp\/v2\/posts"}],"about":[{"href":"https:\/\/www.ecuadortimes.net\/es\/wp-json\/wp\/v2\/types\/post"}],"author":[{"embeddable":true,"href":"https:\/\/www.ecuadortimes.net\/es\/wp-json\/wp\/v2\/users\/1"}],"replies":[{"embeddable":true,"href":"https:\/\/www.ecuadortimes.net\/es\/wp-json\/wp\/v2\/comments?post=220259"}],"version-history":[{"count":0,"href":"https:\/\/www.ecuadortimes.net\/es\/wp-json\/wp\/v2\/posts\/220259\/revisions"}],"wp:attachment":[{"href":"https:\/\/www.ecuadortimes.net\/es\/wp-json\/wp\/v2\/media?parent=220259"}],"wp:term":[{"taxonomy":"category","embeddable":true,"href":"https:\/\/www.ecuadortimes.net\/es\/wp-json\/wp\/v2\/categories?post=220259"},{"taxonomy":"post_tag","embeddable":true,"href":"https:\/\/www.ecuadortimes.net\/es\/wp-json\/wp\/v2\/tags?post=220259"}],"curies":[{"name":"wp","href":"https:\/\/api.w.org\/{rel}","templated":true}]}}