{"id":220261,"date":"2013-08-14T00:00:00","date_gmt":"2013-08-14T00:00:00","guid":{"rendered":"https:\/\/www.ecuadortimes.net\/es\/diego-cornejo-es-premiado-por-la-sip\/"},"modified":"2013-08-14T00:00:00","modified_gmt":"2013-08-14T00:00:00","slug":"diego-cornejo-es-premiado-por-la-sip","status":"publish","type":"post","link":"https:\/\/www.ecuadortimes.net\/es\/diego-cornejo-es-premiado-por-la-sip\/","title":{"rendered":"Diego Cornejo es premiado por la SIP"},"content":{"rendered":"<div id=\"attachment_123974\" style=\"width: 310px\" class=\"wp-caption alignright\"><img aria-describedby=\"caption-attachment-123974\" loading=\"lazy\" class=\"size-medium wp-image-123974\" title=\"Diego Cornejo\" src=\"http:\/\/media.ecuadortimes.net\/2013\/08\/Diego-Cornejo-awarded3-300x225.jpg\" alt=\"Diego Cornejo\" width=\"300\" height=\"225\" \/><p id=\"caption-attachment-123974\" class=\"wp-caption-text\">Diego Cornejo<\/p><\/div>\n<p><strong>El director de la Asociaci\u00f3n Ecuatoriana de Editores de Peri\u00f3dicos (AEDEP), fue escogido por la Sociedad Interamericana de Prensa (SIP) como uno de los ganadores del Gran Premio SIP a la Libertad de Prensa 2013.<\/strong><\/p>\n<p>El presidente de la Comisi\u00f3n de Premios de la SIP, Francisco Mir\u00f3 Quesada, indico que Cornejo y la periodista argentina Magdalena Ruiz Gui\u00f1az\u00fa fuero elegidos por su remarcable trayectoria profesional y principalmente <strong><em>por sus reiteradas muestras de valent\u00eda y firmeza en la defensa de los valores democr\u00e1ticos, especialmente de la libertad de prensa y expresi\u00f3n en las Am\u00e9ricas<\/em><\/strong>\u009d.<\/p>\n<p>Los ganadores escogidos para las 12 categor\u00edas recibir\u00e1n sus premios en el marco de la 69\u00aa Asamblea General de la SIP, que se realizar\u00e1 en un hotel de la ciudad de Denver, Colorado, Estados Unidos. La ceremonia se efectuar\u00e1 desde el 18 al 22 de octubre pr\u00f3ximo. Los premios son $ 2 mil en efectivo, y las respectivas placas y diplomas.<\/p>\n","protected":false},"excerpt":{"rendered":"<p>El director de la Asociaci\u00f3n Ecuatoriana de Editores de Peri\u00f3dicos (AEDEP), fue escogido por la Sociedad Interamericana de Prensa (SIP) como uno de los ganadores del Gran Premio SIP a la Libertad de Prensa 2013. El presidente de la Comisi\u00f3n de Premios de la SIP, Francisco Mir\u00f3 Quesada, indico que Cornejo y la periodista argentina Magdalena Ruiz Gui\u00f1az\u00fa fuero elegidos por su remarcable trayectoria profesional y principalmente por sus reiteradas muestras de valent\u00eda y firmeza en la defensa de los valores democr\u00e1ticos, especialmente de la libertad de prensa y expresi\u00f3n en las Am\u00e9ricas\u009d. Los ganadores escogidos para las 12 categor\u00edas recibir\u00e1n sus premios en el marco de la 69\u00aa Asamblea General de la SIP, que se realizar\u00e1 en un hotel de la ciudad de Denver, Colorado, Estados Unidos. La ceremonia se efectuar\u00e1 desde el 18 al 22 de octubre pr\u00f3ximo. Los premios son $ 2 mil en efectivo, y las respectivas placas y diplomas.<\/p>\n","protected":false},"author":1,"featured_media":220262,"comment_status":"open","ping_status":"open","sticky":false,"template":"","format":"standard","meta":[],"categories":[35,37],"tags":[],"_links":{"self":[{"href":"https:\/\/www.ecuadortimes.net\/es\/wp-json\/wp\/v2\/posts\/220261"}],"collection":[{"href":"https:\/\/www.ecuadortimes.net\/es\/wp-json\/wp\/v2\/posts"}],"about":[{"href":"https:\/\/www.ecuadortimes.net\/es\/wp-json\/wp\/v2\/types\/post"}],"author":[{"embeddable":true,"href":"https:\/\/www.ecuadortimes.net\/es\/wp-json\/wp\/v2\/users\/1"}],"replies":[{"embeddable":true,"href":"https:\/\/www.ecuadortimes.net\/es\/wp-json\/wp\/v2\/comments?post=220261"}],"version-history":[{"count":0,"href":"https:\/\/www.ecuadortimes.net\/es\/wp-json\/wp\/v2\/posts\/220261\/revisions"}],"wp:featuredmedia":[{"embeddable":true,"href":"https:\/\/www.ecuadortimes.net\/es\/wp-json\/wp\/v2\/media\/220262"}],"wp:attachment":[{"href":"https:\/\/www.ecuadortimes.net\/es\/wp-json\/wp\/v2\/media?parent=220261"}],"wp:term":[{"taxonomy":"category","embeddable":true,"href":"https:\/\/www.ecuadortimes.net\/es\/wp-json\/wp\/v2\/categories?post=220261"},{"taxonomy":"post_tag","embeddable":true,"href":"https:\/\/www.ecuadortimes.net\/es\/wp-json\/wp\/v2\/tags?post=220261"}],"curies":[{"name":"wp","href":"https:\/\/api.w.org\/{rel}","templated":true}]}}