{"id":220268,"date":"2013-08-14T00:00:00","date_gmt":"2013-08-14T00:00:00","guid":{"rendered":"https:\/\/www.ecuadortimes.net\/es\/eurozona-supera-crisis-de-recesion-oficialmente\/"},"modified":"2013-08-14T00:00:00","modified_gmt":"2013-08-14T00:00:00","slug":"eurozona-supera-crisis-de-recesion-oficialmente","status":"publish","type":"post","link":"https:\/\/www.ecuadortimes.net\/es\/eurozona-supera-crisis-de-recesion-oficialmente\/","title":{"rendered":"Eurozona supera crisis de recesi\u00f3n, oficialmente"},"content":{"rendered":"<div id=\"attachment_124004\" style=\"width: 310px\" class=\"wp-caption alignright\"><img aria-describedby=\"caption-attachment-124004\" loading=\"lazy\" class=\"size-medium wp-image-124004\" title=\"Mario Draghi habla sobre la crisis de la eurozona\" src=\"http:\/\/media.ecuadortimes.net\/2013\/08\/Mario-Draghi3-300x225.jpg\" alt=\"Mario Draghi habla sobre la crisis de la eurozona\" width=\"300\" height=\"225\" \/><p id=\"caption-attachment-124004\" class=\"wp-caption-text\">Mario Draghi habla sobre la crisis de la eurozona<\/p><\/div>\n<p><strong>Hoy la Eurozona deber\u00eda salir oficialmente de la recesi\u00f3n m\u00e1s prolongada de su corta trayectoria<\/strong>, sin embargo dicha reactivaci\u00f3n ser\u00eda d\u00e9bil y salir de la crisis que los agobia aun est\u00e1 lejos, as\u00ed lo especularon analistas sobre los datos trimestrales europeos publicados.<\/p>\n<p>Tras seis trimestres consecutivos de repliegue, el Producto Interior Bruto (PIB) de la zona euro deber\u00eda crecer un 0,1% o un 0,2% para el segundo trimestre, de acuerdo con los analistas.<\/p>\n<p>Las cifras oficiales ser\u00e1n publicadas hoy al mediod\u00eda por la agencia europea de estad\u00edsticas, Eurostat.<\/p>\n<p>A principios de este mes el presidente del Banco Central Europeo (BCE), Mario Draghi, destac\u00f3 que <strong><em>los \u00edndices de confianza mostraron una mejor\u00eda, partiendo de niveles bajos, y confirmaron el escenario de una estabilizaci\u00f3n de la econom\u00eda<\/em><\/strong>&#8220;.<\/p>\n<p>Los actuales datos mostraron signos de aparente mejor\u00eda en la primavera, pues por primera vez en dos a\u00f1os, la cantidad de desempleados retrocedi\u00f3 en junio en la zona euro, aunque la tasa de desempleo siga en nivel r\u00e9cord.<\/p>\n","protected":false},"excerpt":{"rendered":"<p>Hoy la Eurozona deber\u00eda salir oficialmente de la recesi\u00f3n m\u00e1s prolongada de su corta trayectoria, sin embargo dicha reactivaci\u00f3n ser\u00eda d\u00e9bil y salir de la crisis que los agobia aun est\u00e1 lejos, as\u00ed lo especularon analistas sobre los datos trimestrales europeos publicados. Tras seis trimestres consecutivos de repliegue, el Producto Interior Bruto (PIB) de la zona euro deber\u00eda crecer un 0,1% o un 0,2% para el segundo trimestre, de acuerdo con los analistas. Las cifras oficiales ser\u00e1n publicadas hoy al mediod\u00eda por la agencia europea de estad\u00edsticas, Eurostat. A principios de este mes el presidente del Banco Central Europeo (BCE), Mario Draghi, destac\u00f3 que los \u00edndices de confianza mostraron una mejor\u00eda, partiendo de niveles bajos, y confirmaron el escenario de una estabilizaci\u00f3n de la econom\u00eda&#8220;. Los actuales datos mostraron signos de aparente mejor\u00eda en la primavera, pues por primera vez en dos a\u00f1os, la cantidad de desempleados retrocedi\u00f3 en junio en la zona euro, aunque la tasa de desempleo siga en nivel r\u00e9cord.<\/p>\n","protected":false},"author":1,"featured_media":220269,"comment_status":"open","ping_status":"open","sticky":false,"template":"","format":"standard","meta":[],"categories":[33,37],"tags":[],"_links":{"self":[{"href":"https:\/\/www.ecuadortimes.net\/es\/wp-json\/wp\/v2\/posts\/220268"}],"collection":[{"href":"https:\/\/www.ecuadortimes.net\/es\/wp-json\/wp\/v2\/posts"}],"about":[{"href":"https:\/\/www.ecuadortimes.net\/es\/wp-json\/wp\/v2\/types\/post"}],"author":[{"embeddable":true,"href":"https:\/\/www.ecuadortimes.net\/es\/wp-json\/wp\/v2\/users\/1"}],"replies":[{"embeddable":true,"href":"https:\/\/www.ecuadortimes.net\/es\/wp-json\/wp\/v2\/comments?post=220268"}],"version-history":[{"count":0,"href":"https:\/\/www.ecuadortimes.net\/es\/wp-json\/wp\/v2\/posts\/220268\/revisions"}],"wp:featuredmedia":[{"embeddable":true,"href":"https:\/\/www.ecuadortimes.net\/es\/wp-json\/wp\/v2\/media\/220269"}],"wp:attachment":[{"href":"https:\/\/www.ecuadortimes.net\/es\/wp-json\/wp\/v2\/media?parent=220268"}],"wp:term":[{"taxonomy":"category","embeddable":true,"href":"https:\/\/www.ecuadortimes.net\/es\/wp-json\/wp\/v2\/categories?post=220268"},{"taxonomy":"post_tag","embeddable":true,"href":"https:\/\/www.ecuadortimes.net\/es\/wp-json\/wp\/v2\/tags?post=220268"}],"curies":[{"name":"wp","href":"https:\/\/api.w.org\/{rel}","templated":true}]}}