{"id":220271,"date":"2013-08-14T00:00:00","date_gmt":"2013-08-14T00:00:00","guid":{"rendered":"https:\/\/www.ecuadortimes.net\/es\/partidos-inician-seleccion-de-candidatos\/"},"modified":"2013-08-14T00:00:00","modified_gmt":"2013-08-14T00:00:00","slug":"partidos-inician-seleccion-de-candidatos","status":"publish","type":"post","link":"https:\/\/www.ecuadortimes.net\/es\/partidos-inician-seleccion-de-candidatos\/","title":{"rendered":"Partidos inician selecci\u00f3n de candidatos"},"content":{"rendered":"<p><strong>Aunque no muchas agrupaciones pol\u00edticas lo admiten, varias ya se encuentran realizando asambleas, talleres y dem\u00e1s reuniones para seleccionar a los candidatos que las representar\u00e1n en las Elecciones Seccionales del 23 de febrero del 2014, en las que se 11 682 314 electores facultados deber\u00e1n escoger 5 652 dignidades a nivel nacional.<\/strong><\/p>\n<p><strong>Seg\u00fan la agenda electoral, el pr\u00f3ximo 17 de octubre reci\u00e9n iniciar\u00eda la convocatoria, mientras que la fecha l\u00edmite para registrar candidatos es el 15 de noviembre, es decir, dentro de tres meses.<\/strong><\/p>\n<p>El Art. 348 del C\u00f3digo de la Democracia, se\u00f1ala tres modalidades de democracia interna para escoger candidatos: elecciones primarias abiertas y participativas, elecciones primarias cerradas y elecciones primarias representativas.<\/p>\n<p>Seg\u00fan el portal del movimiento oficialista Alianza PAIS (AP), ya se encuentran seleccionando precandidatos para los comicios; mientras que el en el Partido Social Cristiano (PSC), el cual ha tenido fuertes roces con AP en las \u00faltimas semanas, tiene como prioridad la reelecci\u00f3n de los alcaldes de Guayaquil, Samborond\u00f3n, Sim\u00f3n Bol\u00edvar, Bucay, Daule y Dur\u00e1n.<\/p>\n<div id=\"attachment_124015\" style=\"width: 460px\" class=\"wp-caption aligncenter\"><img aria-describedby=\"caption-attachment-124015\" loading=\"lazy\" class=\"size-full wp-image-124015\" title=\"Las elecciones seccionales tendr\u00e1n lugar un Domino 23 de febrero del 2014.\" src=\"http:\/\/media.ecuadortimes.net\/2013\/08\/partidos-comienzan-seleccion-candidatos-seccionales-2014-l1.jpg\" alt=\"Las elecciones seccionales tendr\u00e1n lugar un Domino 23 de febrero del 2014.\" width=\"450\" height=\"293\" \/><p id=\"caption-attachment-124015\" class=\"wp-caption-text\">Las elecciones seccionales tendr\u00e1n lugar un Domino 23 de febrero del 2014.<\/p><\/div>\n","protected":false},"excerpt":{"rendered":"<p>Aunque no muchas agrupaciones pol\u00edticas lo admiten, varias ya se encuentran realizando asambleas, talleres y dem\u00e1s reuniones para seleccionar a los candidatos que las representar\u00e1n en las Elecciones Seccionales del 23 de febrero del 2014, en las que se 11 682 314 electores facultados deber\u00e1n escoger 5 652 dignidades a nivel nacional. Seg\u00fan la agenda electoral, el pr\u00f3ximo 17 de octubre reci\u00e9n iniciar\u00eda la convocatoria, mientras que la fecha l\u00edmite para registrar candidatos es el 15 de noviembre, es decir, dentro de tres meses. El Art. 348 del C\u00f3digo de la Democracia, se\u00f1ala tres modalidades de democracia interna para escoger candidatos: elecciones primarias abiertas y participativas, elecciones primarias cerradas y elecciones primarias representativas. Seg\u00fan el portal del movimiento oficialista Alianza PAIS (AP), ya se encuentran seleccionando precandidatos para los comicios; mientras que el en el Partido Social Cristiano (PSC), el cual ha tenido fuertes roces con AP en las \u00faltimas semanas, tiene como prioridad la reelecci\u00f3n de los alcaldes de Guayaquil, Samborond\u00f3n, Sim\u00f3n Bol\u00edvar, Bucay, Daule y Dur\u00e1n.<\/p>\n","protected":false},"author":1,"featured_media":220272,"comment_status":"open","ping_status":"open","sticky":false,"template":"","format":"standard","meta":[],"categories":[40,37],"tags":[],"_links":{"self":[{"href":"https:\/\/www.ecuadortimes.net\/es\/wp-json\/wp\/v2\/posts\/220271"}],"collection":[{"href":"https:\/\/www.ecuadortimes.net\/es\/wp-json\/wp\/v2\/posts"}],"about":[{"href":"https:\/\/www.ecuadortimes.net\/es\/wp-json\/wp\/v2\/types\/post"}],"author":[{"embeddable":true,"href":"https:\/\/www.ecuadortimes.net\/es\/wp-json\/wp\/v2\/users\/1"}],"replies":[{"embeddable":true,"href":"https:\/\/www.ecuadortimes.net\/es\/wp-json\/wp\/v2\/comments?post=220271"}],"version-history":[{"count":0,"href":"https:\/\/www.ecuadortimes.net\/es\/wp-json\/wp\/v2\/posts\/220271\/revisions"}],"wp:featuredmedia":[{"embeddable":true,"href":"https:\/\/www.ecuadortimes.net\/es\/wp-json\/wp\/v2\/media\/220272"}],"wp:attachment":[{"href":"https:\/\/www.ecuadortimes.net\/es\/wp-json\/wp\/v2\/media?parent=220271"}],"wp:term":[{"taxonomy":"category","embeddable":true,"href":"https:\/\/www.ecuadortimes.net\/es\/wp-json\/wp\/v2\/categories?post=220271"},{"taxonomy":"post_tag","embeddable":true,"href":"https:\/\/www.ecuadortimes.net\/es\/wp-json\/wp\/v2\/tags?post=220271"}],"curies":[{"name":"wp","href":"https:\/\/api.w.org\/{rel}","templated":true}]}}