{"id":220275,"date":"2013-08-14T00:00:00","date_gmt":"2013-08-14T00:00:00","guid":{"rendered":"https:\/\/www.ecuadortimes.net\/es\/maduro-quiere-poderes-especiales-para-gobernar-por-decreto\/"},"modified":"2013-08-14T00:00:00","modified_gmt":"2013-08-14T00:00:00","slug":"maduro-quiere-poderes-especiales-para-gobernar-por-decreto","status":"publish","type":"post","link":"https:\/\/www.ecuadortimes.net\/es\/maduro-quiere-poderes-especiales-para-gobernar-por-decreto\/","title":{"rendered":"Maduro quiere poderes especiales para gobernar por decreto"},"content":{"rendered":"<p><strong>&#8220;Yo como presidente y jefe de Estado voy a llamar a una emergencia nacional en la lucha contra la corrupci\u00f3n y voy a pedir poderes especiales para ir a un proceso de reforma de las leyes y de cambio de la institucionalidad&#8221;, exclam\u00f3 el presidente venezolano, Nicol\u00e1s Maduro, en un acto p\u00fablico transmitido de manera obligatoria en cadena nacional de radio y televisi\u00f3n.<\/strong><\/p>\n<p>La propuesta emula a la de su predecesor, el fallecido Hugo Ch\u00e1vez, quien fue conocido por crear leyes que le permitieron dictar decretos avalados por la ley, sin necesidad de una aprobaci\u00f3n por parte de la Asamblea Nacional. Si es necesario cambiar todas las leyes para enfrentar la corrupci\u00f3n, lo voy a hacer&#8221;, agreg\u00f3 Maduro.<\/p>\n<p>Por su parte, el l\u00edder opositor venezolano y excandidato presidencial, Henrique Capriles, acus\u00f3 a Maduro de usar la lucha anticorrupci\u00f3n como arma de persecuci\u00f3n pol\u00edtica y denunci\u00f3 que en el gobierno, incluido el mandatario, est\u00e1n los mayores corruptos. El anuncio de Maduro es una cortina de humo sobre los verdaderos problemas de Venezuela\u009d, agrega Capriles.<\/p>\n","protected":false},"excerpt":{"rendered":"<p>&#8220;Yo como presidente y jefe de Estado voy a llamar a una emergencia nacional en la lucha contra la corrupci\u00f3n y voy a pedir poderes especiales para ir a un proceso de reforma de las leyes y de cambio de la institucionalidad&#8221;, exclam\u00f3 el presidente venezolano, Nicol\u00e1s Maduro, en un acto p\u00fablico transmitido de manera obligatoria en cadena nacional de radio y televisi\u00f3n. La propuesta emula a la de su predecesor, el fallecido Hugo Ch\u00e1vez, quien fue conocido por crear leyes que le permitieron dictar decretos avalados por la ley, sin necesidad de una aprobaci\u00f3n por parte de la Asamblea Nacional. Si es necesario cambiar todas las leyes para enfrentar la corrupci\u00f3n, lo voy a hacer&#8221;, agreg\u00f3 Maduro. Por su parte, el l\u00edder opositor venezolano y excandidato presidencial, Henrique Capriles, acus\u00f3 a Maduro de usar la lucha anticorrupci\u00f3n como arma de persecuci\u00f3n pol\u00edtica y denunci\u00f3 que en el gobierno, incluido el mandatario, est\u00e1n los mayores corruptos. El anuncio de Maduro es una cortina de humo sobre los verdaderos problemas de Venezuela\u009d, agrega Capriles.<\/p>\n","protected":false},"author":1,"featured_media":220276,"comment_status":"open","ping_status":"open","sticky":false,"template":"","format":"standard","meta":[],"categories":[34,37],"tags":[],"_links":{"self":[{"href":"https:\/\/www.ecuadortimes.net\/es\/wp-json\/wp\/v2\/posts\/220275"}],"collection":[{"href":"https:\/\/www.ecuadortimes.net\/es\/wp-json\/wp\/v2\/posts"}],"about":[{"href":"https:\/\/www.ecuadortimes.net\/es\/wp-json\/wp\/v2\/types\/post"}],"author":[{"embeddable":true,"href":"https:\/\/www.ecuadortimes.net\/es\/wp-json\/wp\/v2\/users\/1"}],"replies":[{"embeddable":true,"href":"https:\/\/www.ecuadortimes.net\/es\/wp-json\/wp\/v2\/comments?post=220275"}],"version-history":[{"count":0,"href":"https:\/\/www.ecuadortimes.net\/es\/wp-json\/wp\/v2\/posts\/220275\/revisions"}],"wp:featuredmedia":[{"embeddable":true,"href":"https:\/\/www.ecuadortimes.net\/es\/wp-json\/wp\/v2\/media\/220276"}],"wp:attachment":[{"href":"https:\/\/www.ecuadortimes.net\/es\/wp-json\/wp\/v2\/media?parent=220275"}],"wp:term":[{"taxonomy":"category","embeddable":true,"href":"https:\/\/www.ecuadortimes.net\/es\/wp-json\/wp\/v2\/categories?post=220275"},{"taxonomy":"post_tag","embeddable":true,"href":"https:\/\/www.ecuadortimes.net\/es\/wp-json\/wp\/v2\/tags?post=220275"}],"curies":[{"name":"wp","href":"https:\/\/api.w.org\/{rel}","templated":true}]}}