{"id":220279,"date":"2013-08-14T00:00:00","date_gmt":"2013-08-14T00:00:00","guid":{"rendered":"https:\/\/www.ecuadortimes.net\/es\/otra-profesora-amenazada-en-colegio\/"},"modified":"2013-08-14T00:00:00","modified_gmt":"2013-08-14T00:00:00","slug":"otra-profesora-amenazada-en-colegio","status":"publish","type":"post","link":"https:\/\/www.ecuadortimes.net\/es\/otra-profesora-amenazada-en-colegio\/","title":{"rendered":"Otra profesora amenazada en colegio"},"content":{"rendered":"<p><strong>Una maestra del colegio fiscal Camilo Ponce Enr\u00edquez, en el sector La Prosperina al norte de Guayaquil, se suma al n\u00famero de profesores que han sido perjudicados de una u otra manera por el uso y venta de droga en los planteles educativos.<\/strong><\/p>\n<p><strong>La profesora que se cuide por sapa\u009d, es la amenaza que denunci\u00f3 la docente a la Fiscal\u00eda luego de que en d\u00edas pasados denunci\u00f3 a una adolescente de 14 a\u00f1os a quien descubri\u00f3 con droga en el ba\u00f1o de varones. Dos d\u00edas despu\u00e9s habr\u00edan empezado las amenazas.<\/strong><\/p>\n<p>La maestra, quien lleva trabajando 15 a\u00f1os en el plantel, present\u00f3 una petici\u00f3n ante la Subsecretar\u00eda de Educaci\u00f3n para su reubicaci\u00f3n.<\/p>\n<p>As\u00ed mismo, el mes pasado, un inspector general de un colegio del norte de Guayaquil, supuestamente fue drogado por estudiantes; mientras que en otro colegio en el mismo sector, una maestra denunci\u00f3 que en tres ocasiones ha sido supuestamente drogada mientras impart\u00eda clases.<\/p>\n<div id=\"attachment_124049\" style=\"width: 460px\" class=\"wp-caption aligncenter\"><img aria-describedby=\"caption-attachment-124049\" loading=\"lazy\" class=\"size-full wp-image-124049\" title=\"El mes pasado la Polic\u00eda Nacional realiz\u00f3 un operativo en un colegio al norte de Guayaquil luego de que un docente hiciera una denuncia.\" src=\"http:\/\/media.ecuadortimes.net\/2013\/08\/profesora-victima-amenazas-droga-l1.jpg\" alt=\"El mes pasado la Polic\u00eda Nacional realiz\u00f3 un operativo en un colegio al norte de Guayaquil luego de que un docente hiciera una denuncia.\" width=\"450\" height=\"252\" \/><p id=\"caption-attachment-124049\" class=\"wp-caption-text\">El mes pasado la Polic\u00eda Nacional realiz\u00f3 un operativo en un colegio al norte de Guayaquil luego de que un docente hiciera una denuncia.<\/p><\/div>\n","protected":false},"excerpt":{"rendered":"<p>Una maestra del colegio fiscal Camilo Ponce Enr\u00edquez, en el sector La Prosperina al norte de Guayaquil, se suma al n\u00famero de profesores que han sido perjudicados de una u otra manera por el uso y venta de droga en los planteles educativos. La profesora que se cuide por sapa\u009d, es la amenaza que denunci\u00f3 la docente a la Fiscal\u00eda luego de que en d\u00edas pasados denunci\u00f3 a una adolescente de 14 a\u00f1os a quien descubri\u00f3 con droga en el ba\u00f1o de varones. Dos d\u00edas despu\u00e9s habr\u00edan empezado las amenazas. La maestra, quien lleva trabajando 15 a\u00f1os en el plantel, present\u00f3 una petici\u00f3n ante la Subsecretar\u00eda de Educaci\u00f3n para su reubicaci\u00f3n. As\u00ed mismo, el mes pasado, un inspector general de un colegio del norte de Guayaquil, supuestamente fue drogado por estudiantes; mientras que en otro colegio en el mismo sector, una maestra denunci\u00f3 que en tres ocasiones ha sido supuestamente drogada mientras impart\u00eda clases.<\/p>\n","protected":false},"author":1,"featured_media":220280,"comment_status":"open","ping_status":"open","sticky":false,"template":"","format":"standard","meta":[],"categories":[41,37],"tags":[],"_links":{"self":[{"href":"https:\/\/www.ecuadortimes.net\/es\/wp-json\/wp\/v2\/posts\/220279"}],"collection":[{"href":"https:\/\/www.ecuadortimes.net\/es\/wp-json\/wp\/v2\/posts"}],"about":[{"href":"https:\/\/www.ecuadortimes.net\/es\/wp-json\/wp\/v2\/types\/post"}],"author":[{"embeddable":true,"href":"https:\/\/www.ecuadortimes.net\/es\/wp-json\/wp\/v2\/users\/1"}],"replies":[{"embeddable":true,"href":"https:\/\/www.ecuadortimes.net\/es\/wp-json\/wp\/v2\/comments?post=220279"}],"version-history":[{"count":0,"href":"https:\/\/www.ecuadortimes.net\/es\/wp-json\/wp\/v2\/posts\/220279\/revisions"}],"wp:featuredmedia":[{"embeddable":true,"href":"https:\/\/www.ecuadortimes.net\/es\/wp-json\/wp\/v2\/media\/220280"}],"wp:attachment":[{"href":"https:\/\/www.ecuadortimes.net\/es\/wp-json\/wp\/v2\/media?parent=220279"}],"wp:term":[{"taxonomy":"category","embeddable":true,"href":"https:\/\/www.ecuadortimes.net\/es\/wp-json\/wp\/v2\/categories?post=220279"},{"taxonomy":"post_tag","embeddable":true,"href":"https:\/\/www.ecuadortimes.net\/es\/wp-json\/wp\/v2\/tags?post=220279"}],"curies":[{"name":"wp","href":"https:\/\/api.w.org\/{rel}","templated":true}]}}