{"id":220281,"date":"2013-08-14T00:00:00","date_gmt":"2013-08-14T00:00:00","guid":{"rendered":"https:\/\/www.ecuadortimes.net\/es\/sip-rechaza-la-censura-de-diarios-en-venezuela\/"},"modified":"2013-08-14T00:00:00","modified_gmt":"2013-08-14T00:00:00","slug":"sip-rechaza-la-censura-de-diarios-en-venezuela","status":"publish","type":"post","link":"https:\/\/www.ecuadortimes.net\/es\/sip-rechaza-la-censura-de-diarios-en-venezuela\/","title":{"rendered":"SIP rechaza la censura de diarios en Venezuela"},"content":{"rendered":"<div id=\"attachment_124053\" style=\"width: 310px\" class=\"wp-caption alignright\"><img aria-describedby=\"caption-attachment-124053\" loading=\"lazy\" class=\"size-medium wp-image-124053\" title=\"El Nacional censurado por el r\u00e9gimen venezolano\" src=\"http:\/\/media.ecuadortimes.net\/2013\/08\/Newspapers-of-Venezuela-censored-by-the-corruption4-300x225.jpg\" alt=\"El Nacional censurado por el r\u00e9gimen venezolano\" width=\"300\" height=\"225\" \/><p id=\"caption-attachment-124053\" class=\"wp-caption-text\">El Nacional censurado por el r\u00e9gimen venezolano<\/p><\/div>\n<p><strong>La Sociedad Interamericana de Prensa (SIP) conden\u00f3 la multa impuesta por una jueza en Venezuela a los diarios El Nacional\u009d y Tal Cual\u009d de Caracas y termin\u00f3 calificando la acci\u00f3n como un acto de censura.<\/strong><\/p>\n<p><strong>Claudio Paolillo<\/strong>, el presidente de la Comisi\u00f3n de Libertad de Prensa e Informaci\u00f3n de la SIP, dijo por medio de un comunicado que es <strong>un acto de censura aplicado en esta nueva etapa de hostigamiento a la libertad de expresi\u00f3n, cuyo objetivo es asfixiar econ\u00f3micamente a medios cr\u00edticos e independientes para acallar las voces que no comulguen con el discurso oficial<\/strong>\u009d.<\/p>\n<p>La multa fue fijada por una jueza del juzgado de Protecci\u00f3n de ni\u00f1os, ni\u00f1as y adolescentes de manera retroactiva por una foto publicada en el 2010 en la que se muestran los cad\u00e1veres amontonados en una morgue de la capital venezolana.<\/p>\n<p>La decisi\u00f3n ratific\u00f3 al tribunal de primera instancia de protecci\u00f3n de ni\u00f1os y adolescentes, que en agosto de 2010 realiz\u00f3 la sentencia original.<\/p>\n","protected":false},"excerpt":{"rendered":"<p>La Sociedad Interamericana de Prensa (SIP) conden\u00f3 la multa impuesta por una jueza en Venezuela a los diarios El Nacional\u009d y Tal Cual\u009d de Caracas y termin\u00f3 calificando la acci\u00f3n como un acto de censura. Claudio Paolillo, el presidente de la Comisi\u00f3n de Libertad de Prensa e Informaci\u00f3n de la SIP, dijo por medio de un comunicado que es un acto de censura aplicado en esta nueva etapa de hostigamiento a la libertad de expresi\u00f3n, cuyo objetivo es asfixiar econ\u00f3micamente a medios cr\u00edticos e independientes para acallar las voces que no comulguen con el discurso oficial\u009d. La multa fue fijada por una jueza del juzgado de Protecci\u00f3n de ni\u00f1os, ni\u00f1as y adolescentes de manera retroactiva por una foto publicada en el 2010 en la que se muestran los cad\u00e1veres amontonados en una morgue de la capital venezolana. La decisi\u00f3n ratific\u00f3 al tribunal de primera instancia de protecci\u00f3n de ni\u00f1os y adolescentes, que en agosto de 2010 realiz\u00f3 la sentencia original.<\/p>\n","protected":false},"author":1,"featured_media":220282,"comment_status":"open","ping_status":"open","sticky":false,"template":"","format":"standard","meta":[],"categories":[34,37],"tags":[],"_links":{"self":[{"href":"https:\/\/www.ecuadortimes.net\/es\/wp-json\/wp\/v2\/posts\/220281"}],"collection":[{"href":"https:\/\/www.ecuadortimes.net\/es\/wp-json\/wp\/v2\/posts"}],"about":[{"href":"https:\/\/www.ecuadortimes.net\/es\/wp-json\/wp\/v2\/types\/post"}],"author":[{"embeddable":true,"href":"https:\/\/www.ecuadortimes.net\/es\/wp-json\/wp\/v2\/users\/1"}],"replies":[{"embeddable":true,"href":"https:\/\/www.ecuadortimes.net\/es\/wp-json\/wp\/v2\/comments?post=220281"}],"version-history":[{"count":0,"href":"https:\/\/www.ecuadortimes.net\/es\/wp-json\/wp\/v2\/posts\/220281\/revisions"}],"wp:featuredmedia":[{"embeddable":true,"href":"https:\/\/www.ecuadortimes.net\/es\/wp-json\/wp\/v2\/media\/220282"}],"wp:attachment":[{"href":"https:\/\/www.ecuadortimes.net\/es\/wp-json\/wp\/v2\/media?parent=220281"}],"wp:term":[{"taxonomy":"category","embeddable":true,"href":"https:\/\/www.ecuadortimes.net\/es\/wp-json\/wp\/v2\/categories?post=220281"},{"taxonomy":"post_tag","embeddable":true,"href":"https:\/\/www.ecuadortimes.net\/es\/wp-json\/wp\/v2\/tags?post=220281"}],"curies":[{"name":"wp","href":"https:\/\/api.w.org\/{rel}","templated":true}]}}