{"id":220294,"date":"2013-08-14T00:00:00","date_gmt":"2013-08-14T00:00:00","guid":{"rendered":"https:\/\/www.ecuadortimes.net\/es\/espana-vencio-2-a-0-a-ecuador\/"},"modified":"2013-08-14T00:00:00","modified_gmt":"2013-08-14T00:00:00","slug":"espana-vencio-2-a-0-a-ecuador","status":"publish","type":"post","link":"https:\/\/www.ecuadortimes.net\/es\/espana-vencio-2-a-0-a-ecuador\/","title":{"rendered":"Espa\u00f1a venci\u00f3 2 a 0 a Ecuador"},"content":{"rendered":"<div id=\"attachment_124150\" style=\"width: 310px\" class=\"wp-caption alignright\"><img aria-describedby=\"caption-attachment-124150\" loading=\"lazy\" class=\"size-medium wp-image-124150\" title=\"Ecuador perdi\u00f3 ante Espa\u00f1a\" src=\"http:\/\/media.ecuadortimes.net\/2013\/08\/Ecuador-looses-again3-300x225.jpg\" alt=\"Ecuador perdi\u00f3 ante Espa\u00f1a\" width=\"300\" height=\"225\" \/><p id=\"caption-attachment-124150\" class=\"wp-caption-text\">Ecuador perdi\u00f3 ante Espa\u00f1a<\/p><\/div>\n<p><strong>En hist\u00f3rico partido, la selecci\u00f3n de Ecuador cay\u00f3 por dos goles ante Espa\u00f1a, que anot\u00f3 por intermedio de Negredo y Cazorla. Los jugadores de la Tricolor vistieron una camiseta especial en homenaje a Christian Ben\u00edtez, quien falleci\u00f3 el pasado 29 de julio en Doha, Catar.<\/strong><\/p>\n<p>El estadio monumental recibi\u00f3 a la escuadra nacional con una ovaci\u00f3n y ya en el partido hubo emociones en ambos arcos, pero con el conocido dominio de bal\u00f3n de los espa\u00f1oles, que a pesar de su superioridad pas\u00f3 varios sustos en su arco. Ambos equipos hicieron numerosos cambios.<\/p>\n<p>El partido fue calificado de hist\u00f3rico por la prensa, por tratarse de un equipo campe\u00f3n mundial vigente y la Tri, que marcha en zona de clasificaci\u00f3n al mundial de Brasil 2014, en tercera posici\u00f3n en Sudam\u00e9rica.<\/p>\n<p>Astros como Iker Casillas, Andr\u00e9s Iniesta, David Silva, Sergio Ramos, Jordi Alba, entre otros, estuvieron en la cancha para la admiraci\u00f3n de los asistentes al estadio Monumental de Barcelona.<\/p>\n<p>Ecuador enfrenta a selecciones extranjeras desde hace 75 a\u00f1os y esta ocasi\u00f3n fue la primera en que med\u00eda a un campe\u00f3n del mundo surgido del Viejo Continente y monarca vigente de la Eurocopa (2008 y 2012).<\/p>\n","protected":false},"excerpt":{"rendered":"<p>En hist\u00f3rico partido, la selecci\u00f3n de Ecuador cay\u00f3 por dos goles ante Espa\u00f1a, que anot\u00f3 por intermedio de Negredo y Cazorla. Los jugadores de la Tricolor vistieron una camiseta especial en homenaje a Christian Ben\u00edtez, quien falleci\u00f3 el pasado 29 de julio en Doha, Catar. El estadio monumental recibi\u00f3 a la escuadra nacional con una ovaci\u00f3n y ya en el partido hubo emociones en ambos arcos, pero con el conocido dominio de bal\u00f3n de los espa\u00f1oles, que a pesar de su superioridad pas\u00f3 varios sustos en su arco. Ambos equipos hicieron numerosos cambios. El partido fue calificado de hist\u00f3rico por la prensa, por tratarse de un equipo campe\u00f3n mundial vigente y la Tri, que marcha en zona de clasificaci\u00f3n al mundial de Brasil 2014, en tercera posici\u00f3n en Sudam\u00e9rica. Astros como Iker Casillas, Andr\u00e9s Iniesta, David Silva, Sergio Ramos, Jordi Alba, entre otros, estuvieron en la cancha para la admiraci\u00f3n de los asistentes al estadio Monumental de Barcelona. Ecuador enfrenta a selecciones extranjeras desde hace 75 a\u00f1os y esta ocasi\u00f3n fue la primera en que med\u00eda a un campe\u00f3n del mundo surgido del Viejo Continente y monarca vigente de la Eurocopa (2008 y 2012).<\/p>\n","protected":false},"author":1,"featured_media":220295,"comment_status":"open","ping_status":"open","sticky":false,"template":"","format":"standard","meta":[],"categories":[38,37],"tags":[],"_links":{"self":[{"href":"https:\/\/www.ecuadortimes.net\/es\/wp-json\/wp\/v2\/posts\/220294"}],"collection":[{"href":"https:\/\/www.ecuadortimes.net\/es\/wp-json\/wp\/v2\/posts"}],"about":[{"href":"https:\/\/www.ecuadortimes.net\/es\/wp-json\/wp\/v2\/types\/post"}],"author":[{"embeddable":true,"href":"https:\/\/www.ecuadortimes.net\/es\/wp-json\/wp\/v2\/users\/1"}],"replies":[{"embeddable":true,"href":"https:\/\/www.ecuadortimes.net\/es\/wp-json\/wp\/v2\/comments?post=220294"}],"version-history":[{"count":0,"href":"https:\/\/www.ecuadortimes.net\/es\/wp-json\/wp\/v2\/posts\/220294\/revisions"}],"wp:featuredmedia":[{"embeddable":true,"href":"https:\/\/www.ecuadortimes.net\/es\/wp-json\/wp\/v2\/media\/220295"}],"wp:attachment":[{"href":"https:\/\/www.ecuadortimes.net\/es\/wp-json\/wp\/v2\/media?parent=220294"}],"wp:term":[{"taxonomy":"category","embeddable":true,"href":"https:\/\/www.ecuadortimes.net\/es\/wp-json\/wp\/v2\/categories?post=220294"},{"taxonomy":"post_tag","embeddable":true,"href":"https:\/\/www.ecuadortimes.net\/es\/wp-json\/wp\/v2\/tags?post=220294"}],"curies":[{"name":"wp","href":"https:\/\/api.w.org\/{rel}","templated":true}]}}