{"id":220298,"date":"2013-08-15T00:00:00","date_gmt":"2013-08-15T00:00:00","guid":{"rendered":"https:\/\/www.ecuadortimes.net\/es\/ecuador-pide-a-su-embajador-salir-de-egipto-por-ola-de-violencia\/"},"modified":"2013-08-15T00:00:00","modified_gmt":"2013-08-15T00:00:00","slug":"ecuador-pide-a-su-embajador-salir-de-egipto-por-ola-de-violencia","status":"publish","type":"post","link":"https:\/\/www.ecuadortimes.net\/es\/ecuador-pide-a-su-embajador-salir-de-egipto-por-ola-de-violencia\/","title":{"rendered":"Ecuador pide a su embajador salir de Egipto por ola de violencia"},"content":{"rendered":"<div id=\"attachment_124171\" style=\"width: 165px\" class=\"wp-caption alignleft\"><img aria-describedby=\"caption-attachment-124171\" loading=\"lazy\" class=\"size-full wp-image-124171\" title=\"Edwin Johnson Lopez\" src=\"http:\/\/media.ecuadortimes.net\/2013\/08\/Edwin-Johnson-Lopez1.jpeg\" alt=\"Edwin Johnson Lopez\" width=\"155\" height=\"201\" \/><p id=\"caption-attachment-124171\" class=\"wp-caption-text\">Edwin Johnson Lopez<\/p><\/div>\n<p><strong>Por medio de un comunicado hecho por el Ministerio de Relaciones Exteriores inform\u00f3 haber llamado a consultas al embajador de Ecuador en El Cairo, Edwin Johnson L\u00f3pez<\/strong>, debido a la ola de violencia que se vive en Egipto y que ayer dej\u00f3 m\u00e1s de 270 muertos y centenares de heridos en un desalojo.<\/p>\n<p>Ayer <strong>el gobierno egipcio se declar\u00f3 en estado de emergencia por un mes.<\/strong><\/p>\n<p>De acuerdo con el comunicado, <strong><em>el Ecuador manifiesta su preocupaci\u00f3n ante los acontecimientos que se vienen sucediendo en Egipto desde el quiebre de la democracia, el 3 de julio de este a\u00f1o. Varias d\u00e9cadas de dictadura en Egipto encontraron un punto de ruptura con las elecciones democr\u00e1ticas de junio de 2012. El pueblo egipcio, el que hace mucho tiempo reclamaba vivir en democracia, eligi\u00f3 a Mohamed Morsi como su presidente constitucional<\/em><\/strong>\u009d.<\/p>\n<p>A\u00f1adi\u00f3 que &#8220;<strong><em>tras el golpe de Estado que derroc\u00f3 al presidente Morsi en julio de este a\u00f1o, la sociedad egipcia se ha visto envuelta en un clima de protesta civil y de represi\u00f3n por parte del Gobierno de facto.\u00a0 Comprometido con los valores democr\u00e1ticos, el Ecuador ha decidido llamar a consultas a su embajador en El Cairo<\/em><\/strong>&#8220;.<\/p>\n","protected":false},"excerpt":{"rendered":"<p>Por medio de un comunicado hecho por el Ministerio de Relaciones Exteriores inform\u00f3 haber llamado a consultas al embajador de Ecuador en El Cairo, Edwin Johnson L\u00f3pez, debido a la ola de violencia que se vive en Egipto y que ayer dej\u00f3 m\u00e1s de 270 muertos y centenares de heridos en un desalojo. Ayer el gobierno egipcio se declar\u00f3 en estado de emergencia por un mes. De acuerdo con el comunicado, el Ecuador manifiesta su preocupaci\u00f3n ante los acontecimientos que se vienen sucediendo en Egipto desde el quiebre de la democracia, el 3 de julio de este a\u00f1o. Varias d\u00e9cadas de dictadura en Egipto encontraron un punto de ruptura con las elecciones democr\u00e1ticas de junio de 2012. El pueblo egipcio, el que hace mucho tiempo reclamaba vivir en democracia, eligi\u00f3 a Mohamed Morsi como su presidente constitucional\u009d. A\u00f1adi\u00f3 que &#8220;tras el golpe de Estado que derroc\u00f3 al presidente Morsi en julio de este a\u00f1o, la sociedad egipcia se ha visto envuelta en un clima de protesta civil y de represi\u00f3n por parte del Gobierno de facto.\u00a0 Comprometido con los valores democr\u00e1ticos, el Ecuador ha decidido llamar a consultas a su embajador en El Cairo&#8220;.<\/p>\n","protected":false},"author":1,"featured_media":220299,"comment_status":"open","ping_status":"open","sticky":false,"template":"","format":"standard","meta":[],"categories":[40,37],"tags":[],"_links":{"self":[{"href":"https:\/\/www.ecuadortimes.net\/es\/wp-json\/wp\/v2\/posts\/220298"}],"collection":[{"href":"https:\/\/www.ecuadortimes.net\/es\/wp-json\/wp\/v2\/posts"}],"about":[{"href":"https:\/\/www.ecuadortimes.net\/es\/wp-json\/wp\/v2\/types\/post"}],"author":[{"embeddable":true,"href":"https:\/\/www.ecuadortimes.net\/es\/wp-json\/wp\/v2\/users\/1"}],"replies":[{"embeddable":true,"href":"https:\/\/www.ecuadortimes.net\/es\/wp-json\/wp\/v2\/comments?post=220298"}],"version-history":[{"count":0,"href":"https:\/\/www.ecuadortimes.net\/es\/wp-json\/wp\/v2\/posts\/220298\/revisions"}],"wp:featuredmedia":[{"embeddable":true,"href":"https:\/\/www.ecuadortimes.net\/es\/wp-json\/wp\/v2\/media\/220299"}],"wp:attachment":[{"href":"https:\/\/www.ecuadortimes.net\/es\/wp-json\/wp\/v2\/media?parent=220298"}],"wp:term":[{"taxonomy":"category","embeddable":true,"href":"https:\/\/www.ecuadortimes.net\/es\/wp-json\/wp\/v2\/categories?post=220298"},{"taxonomy":"post_tag","embeddable":true,"href":"https:\/\/www.ecuadortimes.net\/es\/wp-json\/wp\/v2\/tags?post=220298"}],"curies":[{"name":"wp","href":"https:\/\/api.w.org\/{rel}","templated":true}]}}