{"id":220300,"date":"2013-08-15T00:00:00","date_gmt":"2013-08-15T00:00:00","guid":{"rendered":"https:\/\/www.ecuadortimes.net\/es\/ecuador-no-asistio-a-la-asuncion-de-presidente-de-paraguay\/"},"modified":"2013-08-15T00:00:00","modified_gmt":"2013-08-15T00:00:00","slug":"ecuador-no-asistio-a-la-asuncion-de-presidente-de-paraguay","status":"publish","type":"post","link":"https:\/\/www.ecuadortimes.net\/es\/ecuador-no-asistio-a-la-asuncion-de-presidente-de-paraguay\/","title":{"rendered":"Ecuador no asisti\u00f3 a la asunci\u00f3n de presidente de Paraguay"},"content":{"rendered":"<div id=\"attachment_124187\" style=\"width: 310px\" class=\"wp-caption alignleft\"><img aria-describedby=\"caption-attachment-124187\" loading=\"lazy\" class=\"size-medium wp-image-124187\" title=\"Horacio Cortes\" src=\"http:\/\/media.ecuadortimes.net\/2013\/08\/Horacio-Cortes-knows-best-than-to-tangle-with-bus-driver-nicolas-maduro3-300x225.jpg\" alt=\"Horacio Cortes\" width=\"300\" height=\"225\" \/><p id=\"caption-attachment-124187\" class=\"wp-caption-text\">Horacio Cortes<\/p><\/div>\n<p><strong>El canciller de Ecuador, Ricardo Pati\u00f1o, anunci\u00f3 ayer que el r\u00e9gimen de Rafael Correa opt\u00f3 por no enviar representantes a la investidura de Horacio Cartes en Paraguay<\/strong>. La raz\u00f3n de est\u00e1 decisi\u00f3n fue porque no se invit\u00f3 a Venezuela, sin embargo, Correa si envi\u00f3 a los paraguayos un comunicado diciendo que les <strong><em>vaya bien con su nuevo gobierno<\/em><\/strong>\u009d.<\/p>\n<p>Pati\u00f1o aclar\u00f3 que la decisi\u00f3n responde a<strong><em> que no se invit\u00f3 a un pa\u00eds hermano -Venezuela- cuyo mandatario, Nicol\u00e1s Maduro, no fue tomado en cuenta para dicha ceremonia<\/em><\/strong>\u009d, public\u00f3 el r\u00e9gimen en su diario virtual \u0098El Ciudadano\u0099.<\/p>\n<p>El canciller a\u00f1adi\u00f3 <strong><em>Nos parece que el que no se haya invitado a un pa\u00eds hermano no es saludable para mejorar el nivel de entendimiento en Sudam\u00e9rica<\/em><\/strong>\u009d.<\/p>\n<p><strong>Este jueves jur\u00f3 Horacio Cartes como presidente de Paraguay por un per\u00edodo cinco a\u00f1os<\/strong> frente a los presidentes de Argentina, Brasil, Chile, Per\u00fa, Uruguay y Taiw\u00e1n, el pr\u00edncipe Felipe de Espa\u00f1a y m\u00e1s de 100 delegaciones en los jardines del Palacio de L\u00f3pez, sede gubernamental.<\/p>\n","protected":false},"excerpt":{"rendered":"<p>El canciller de Ecuador, Ricardo Pati\u00f1o, anunci\u00f3 ayer que el r\u00e9gimen de Rafael Correa opt\u00f3 por no enviar representantes a la investidura de Horacio Cartes en Paraguay. La raz\u00f3n de est\u00e1 decisi\u00f3n fue porque no se invit\u00f3 a Venezuela, sin embargo, Correa si envi\u00f3 a los paraguayos un comunicado diciendo que les vaya bien con su nuevo gobierno\u009d. Pati\u00f1o aclar\u00f3 que la decisi\u00f3n responde a que no se invit\u00f3 a un pa\u00eds hermano -Venezuela- cuyo mandatario, Nicol\u00e1s Maduro, no fue tomado en cuenta para dicha ceremonia\u009d, public\u00f3 el r\u00e9gimen en su diario virtual \u0098El Ciudadano\u0099. El canciller a\u00f1adi\u00f3 Nos parece que el que no se haya invitado a un pa\u00eds hermano no es saludable para mejorar el nivel de entendimiento en Sudam\u00e9rica\u009d. Este jueves jur\u00f3 Horacio Cartes como presidente de Paraguay por un per\u00edodo cinco a\u00f1os frente a los presidentes de Argentina, Brasil, Chile, Per\u00fa, Uruguay y Taiw\u00e1n, el pr\u00edncipe Felipe de Espa\u00f1a y m\u00e1s de 100 delegaciones en los jardines del Palacio de L\u00f3pez, sede gubernamental.<\/p>\n","protected":false},"author":1,"featured_media":220301,"comment_status":"open","ping_status":"open","sticky":false,"template":"","format":"standard","meta":[],"categories":[40,37],"tags":[],"_links":{"self":[{"href":"https:\/\/www.ecuadortimes.net\/es\/wp-json\/wp\/v2\/posts\/220300"}],"collection":[{"href":"https:\/\/www.ecuadortimes.net\/es\/wp-json\/wp\/v2\/posts"}],"about":[{"href":"https:\/\/www.ecuadortimes.net\/es\/wp-json\/wp\/v2\/types\/post"}],"author":[{"embeddable":true,"href":"https:\/\/www.ecuadortimes.net\/es\/wp-json\/wp\/v2\/users\/1"}],"replies":[{"embeddable":true,"href":"https:\/\/www.ecuadortimes.net\/es\/wp-json\/wp\/v2\/comments?post=220300"}],"version-history":[{"count":0,"href":"https:\/\/www.ecuadortimes.net\/es\/wp-json\/wp\/v2\/posts\/220300\/revisions"}],"wp:featuredmedia":[{"embeddable":true,"href":"https:\/\/www.ecuadortimes.net\/es\/wp-json\/wp\/v2\/media\/220301"}],"wp:attachment":[{"href":"https:\/\/www.ecuadortimes.net\/es\/wp-json\/wp\/v2\/media?parent=220300"}],"wp:term":[{"taxonomy":"category","embeddable":true,"href":"https:\/\/www.ecuadortimes.net\/es\/wp-json\/wp\/v2\/categories?post=220300"},{"taxonomy":"post_tag","embeddable":true,"href":"https:\/\/www.ecuadortimes.net\/es\/wp-json\/wp\/v2\/tags?post=220300"}],"curies":[{"name":"wp","href":"https:\/\/api.w.org\/{rel}","templated":true}]}}