{"id":220302,"date":"2013-08-15T00:00:00","date_gmt":"2013-08-15T00:00:00","guid":{"rendered":"https:\/\/www.ecuadortimes.net\/es\/comunidad-glbti-exige-reforma-en-ley-de-registro-civil\/"},"modified":"2013-08-15T00:00:00","modified_gmt":"2013-08-15T00:00:00","slug":"comunidad-glbti-exige-reforma-en-ley-de-registro-civil","status":"publish","type":"post","link":"https:\/\/www.ecuadortimes.net\/es\/comunidad-glbti-exige-reforma-en-ley-de-registro-civil\/","title":{"rendered":"Comunidad GLBTI exige reforma en Ley de Registro Civil"},"content":{"rendered":"<p><img loading=\"lazy\" class=\"size-full wp-image-124188 alignright\" title=\"15-08-13-protestas3_1e3515eb0e3fe5159639ab8abf9ae25f\" src=\"http:\/\/media.ecuadortimes.net\/2013\/08\/15-08-13-protestas3_1e3515eb0e3fe5159639ab8abf9ae25f1.jpg\" alt=\"\" width=\"450\" height=\"298\" \/>Movimientos que representan a la comunidad GLBTI (Gays, Lesbianas, Bisexuales, Transexuales e Intersexo), insistieron, ante la Asamblea Constituyente, una reforma en los art\u00edculos que asignan el sexo de las personas en la c\u00e9dula de identidad.<\/p>\n<p>Diane Rodr\u00edguez, de la agrupaci\u00f3n Silueta X, opin\u00f3 que la c\u00e9dula solo deber\u00eda incluir el lugar de nacimiento, n\u00famero de identidad, huellas dactilares, nombres y apellidos, y asegura que el Estado intenta invadir\u009d la intimidad de las personas, incluso la sexual, reconocida en la Constituci\u00f3n\u009d.<\/p>\n<p>Paola Pab\u00f3n, asamble\u00edsta por Alianza Pa\u00eds, apoy\u00f3 el pedido y reconoci\u00f3 que el tema genera posturas divididas en la bancada, pero que como un grupo de oficialistas lo apoya. Pab\u00f3n acogi\u00f3 el criterio de eliminar el nivel de instrucci\u00f3n en la c\u00e9dula para que as\u00ed todos est\u00e9n en condiciones de igualdad.<\/p>\n<p>Elizabeth V\u00e1squez, coordinadora del Proyecto Transg\u00e9nero, explic\u00f3 que para evitar contradicciones se conserve el sexo en la partida de nacimiento, ya que m\u00e1s confusi\u00f3n causa utilizar c\u00e9dulas que no representan a las personas\u009d.<\/p>\n","protected":false},"excerpt":{"rendered":"<p>Movimientos que representan a la comunidad GLBTI (Gays, Lesbianas, Bisexuales, Transexuales e Intersexo), insistieron, ante la Asamblea Constituyente, una reforma en los art\u00edculos que asignan el sexo de las personas en la c\u00e9dula de identidad. Diane Rodr\u00edguez, de la agrupaci\u00f3n Silueta X, opin\u00f3 que la c\u00e9dula solo deber\u00eda incluir el lugar de nacimiento, n\u00famero de identidad, huellas dactilares, nombres y apellidos, y asegura que el Estado intenta invadir\u009d la intimidad de las personas, incluso la sexual, reconocida en la Constituci\u00f3n\u009d. Paola Pab\u00f3n, asamble\u00edsta por Alianza Pa\u00eds, apoy\u00f3 el pedido y reconoci\u00f3 que el tema genera posturas divididas en la bancada, pero que como un grupo de oficialistas lo apoya. Pab\u00f3n acogi\u00f3 el criterio de eliminar el nivel de instrucci\u00f3n en la c\u00e9dula para que as\u00ed todos est\u00e9n en condiciones de igualdad. Elizabeth V\u00e1squez, coordinadora del Proyecto Transg\u00e9nero, explic\u00f3 que para evitar contradicciones se conserve el sexo en la partida de nacimiento, ya que m\u00e1s confusi\u00f3n causa utilizar c\u00e9dulas que no representan a las personas\u009d.<\/p>\n","protected":false},"author":1,"featured_media":220303,"comment_status":"open","ping_status":"open","sticky":false,"template":"","format":"standard","meta":[],"categories":[40,35,37],"tags":[],"_links":{"self":[{"href":"https:\/\/www.ecuadortimes.net\/es\/wp-json\/wp\/v2\/posts\/220302"}],"collection":[{"href":"https:\/\/www.ecuadortimes.net\/es\/wp-json\/wp\/v2\/posts"}],"about":[{"href":"https:\/\/www.ecuadortimes.net\/es\/wp-json\/wp\/v2\/types\/post"}],"author":[{"embeddable":true,"href":"https:\/\/www.ecuadortimes.net\/es\/wp-json\/wp\/v2\/users\/1"}],"replies":[{"embeddable":true,"href":"https:\/\/www.ecuadortimes.net\/es\/wp-json\/wp\/v2\/comments?post=220302"}],"version-history":[{"count":0,"href":"https:\/\/www.ecuadortimes.net\/es\/wp-json\/wp\/v2\/posts\/220302\/revisions"}],"wp:featuredmedia":[{"embeddable":true,"href":"https:\/\/www.ecuadortimes.net\/es\/wp-json\/wp\/v2\/media\/220303"}],"wp:attachment":[{"href":"https:\/\/www.ecuadortimes.net\/es\/wp-json\/wp\/v2\/media?parent=220302"}],"wp:term":[{"taxonomy":"category","embeddable":true,"href":"https:\/\/www.ecuadortimes.net\/es\/wp-json\/wp\/v2\/categories?post=220302"},{"taxonomy":"post_tag","embeddable":true,"href":"https:\/\/www.ecuadortimes.net\/es\/wp-json\/wp\/v2\/tags?post=220302"}],"curies":[{"name":"wp","href":"https:\/\/api.w.org\/{rel}","templated":true}]}}