{"id":220308,"date":"2013-08-15T00:00:00","date_gmt":"2013-08-15T00:00:00","guid":{"rendered":"https:\/\/www.ecuadortimes.net\/es\/soldado-manning-se-arrepiente-del-dano-causado-a-estados-unidos\/"},"modified":"2013-08-15T00:00:00","modified_gmt":"2013-08-15T00:00:00","slug":"soldado-manning-se-arrepiente-del-dano-causado-a-estados-unidos","status":"publish","type":"post","link":"https:\/\/www.ecuadortimes.net\/es\/soldado-manning-se-arrepiente-del-dano-causado-a-estados-unidos\/","title":{"rendered":"Soldado Manning se arrepiente del da\u00f1o causado a Estados Unidos"},"content":{"rendered":"<p><strong>Con la voz entrecortada y visiblemente nervioso, el soldado Bradley Manning pidi\u00f3 perd\u00f3n a Estados Unidos por las consecuencias de su filtraci\u00f3n de informaci\u00f3n clasificada a Wikileaks, en una vista emotiva e \u00edntima en la que se expuso la atormentada vida del joven de 25 a\u00f1os.<\/strong><\/p>\n<div id=\"attachment_124204\" style=\"width: 410px\" class=\"wp-caption aligncenter\"><img aria-describedby=\"caption-attachment-124204\" loading=\"lazy\" class=\"size-full wp-image-124204\" title=\"Bradley Manning\" src=\"http:\/\/media.ecuadortimes.net\/2013\/08\/manning-arrepentido-crimenes-eeuu-l1.jpg\" alt=\"Bradley Manning\" width=\"400\" height=\"287\" \/><p id=\"caption-attachment-124204\" class=\"wp-caption-text\">Bradley Manning<\/p><\/div>\n<p><strong>Manning ley\u00f3 una breve declaraci\u00f3n no jurada en el estrado en la que pidi\u00f3 perd\u00f3n de que sus acciones &#8220;causaran da\u00f1o a gente, causaran da\u00f1o a Estados Unidos&#8221; en un momento en el que &#8220;luchaba con muchos problemas&#8221; personales, en los que figuran trastornos vinculados a sus dudas sobre su transexualidad y su homosexualidad mal recibida en las Fuerzas Armadas.<\/strong><\/p>\n<p>As\u00ed mismo, Manning dijo que est\u00e1 dispuesto a pagar un precio por las &#8220;no intencionadas consecuencias de sus actos&#8221; y por haber sido un iluso al pensar que pod\u00eda &#8220;cambiar el mundo&#8221;, al tiempo que pidi\u00f3 una oportunidad para volver a un &#8220;lugar productivo de la sociedad&#8221;.<\/p>\n<p>El soldado, quien ya fue declarado culpable de varios cargos de violaci\u00f3n de la ley de espionaje y de robar informaci\u00f3n secreta a finales del mes pasado, podr\u00eda enfrentar una condena de un m\u00e1ximo de 90 a\u00f1os de prisi\u00f3n.<\/p>\n","protected":false},"excerpt":{"rendered":"<p>Con la voz entrecortada y visiblemente nervioso, el soldado Bradley Manning pidi\u00f3 perd\u00f3n a Estados Unidos por las consecuencias de su filtraci\u00f3n de informaci\u00f3n clasificada a Wikileaks, en una vista emotiva e \u00edntima en la que se expuso la atormentada vida del joven de 25 a\u00f1os. Manning ley\u00f3 una breve declaraci\u00f3n no jurada en el estrado en la que pidi\u00f3 perd\u00f3n de que sus acciones &#8220;causaran da\u00f1o a gente, causaran da\u00f1o a Estados Unidos&#8221; en un momento en el que &#8220;luchaba con muchos problemas&#8221; personales, en los que figuran trastornos vinculados a sus dudas sobre su transexualidad y su homosexualidad mal recibida en las Fuerzas Armadas. As\u00ed mismo, Manning dijo que est\u00e1 dispuesto a pagar un precio por las &#8220;no intencionadas consecuencias de sus actos&#8221; y por haber sido un iluso al pensar que pod\u00eda &#8220;cambiar el mundo&#8221;, al tiempo que pidi\u00f3 una oportunidad para volver a un &#8220;lugar productivo de la sociedad&#8221;. El soldado, quien ya fue declarado culpable de varios cargos de violaci\u00f3n de la ley de espionaje y de robar informaci\u00f3n secreta a finales del mes pasado, podr\u00eda enfrentar una condena de un m\u00e1ximo de 90 a\u00f1os de prisi\u00f3n.<\/p>\n","protected":false},"author":1,"featured_media":220309,"comment_status":"open","ping_status":"open","sticky":false,"template":"","format":"standard","meta":[],"categories":[34,37],"tags":[],"_links":{"self":[{"href":"https:\/\/www.ecuadortimes.net\/es\/wp-json\/wp\/v2\/posts\/220308"}],"collection":[{"href":"https:\/\/www.ecuadortimes.net\/es\/wp-json\/wp\/v2\/posts"}],"about":[{"href":"https:\/\/www.ecuadortimes.net\/es\/wp-json\/wp\/v2\/types\/post"}],"author":[{"embeddable":true,"href":"https:\/\/www.ecuadortimes.net\/es\/wp-json\/wp\/v2\/users\/1"}],"replies":[{"embeddable":true,"href":"https:\/\/www.ecuadortimes.net\/es\/wp-json\/wp\/v2\/comments?post=220308"}],"version-history":[{"count":0,"href":"https:\/\/www.ecuadortimes.net\/es\/wp-json\/wp\/v2\/posts\/220308\/revisions"}],"wp:featuredmedia":[{"embeddable":true,"href":"https:\/\/www.ecuadortimes.net\/es\/wp-json\/wp\/v2\/media\/220309"}],"wp:attachment":[{"href":"https:\/\/www.ecuadortimes.net\/es\/wp-json\/wp\/v2\/media?parent=220308"}],"wp:term":[{"taxonomy":"category","embeddable":true,"href":"https:\/\/www.ecuadortimes.net\/es\/wp-json\/wp\/v2\/categories?post=220308"},{"taxonomy":"post_tag","embeddable":true,"href":"https:\/\/www.ecuadortimes.net\/es\/wp-json\/wp\/v2\/tags?post=220308"}],"curies":[{"name":"wp","href":"https:\/\/api.w.org\/{rel}","templated":true}]}}