{"id":220310,"date":"2013-08-15T00:00:00","date_gmt":"2013-08-15T00:00:00","guid":{"rendered":"https:\/\/www.ecuadortimes.net\/es\/emelec-catolica-juegan-el-partido-mas-atractivo-de-la-fecha\/"},"modified":"2013-08-15T00:00:00","modified_gmt":"2013-08-15T00:00:00","slug":"emelec-catolica-juegan-el-partido-mas-atractivo-de-la-fecha","status":"publish","type":"post","link":"https:\/\/www.ecuadortimes.net\/es\/emelec-catolica-juegan-el-partido-mas-atractivo-de-la-fecha\/","title":{"rendered":"Emelec-Cat\u00f3lica juegan el partido mas atractivo de la fecha"},"content":{"rendered":"<p><strong>Los azules ser\u00e1n visitantes ma\u00f1ana en Quito, con el objetivo de mantener el liderato del campeonato nacional, aunque ambos planteles son presionados por Deportivo Quito, que esta a dos puntos del equipo el\u00e9ctrico y uno de los camaratas y tambi\u00e9n juegan de visita, pero en Cuenca.<\/strong><\/p>\n<div id=\"attachment_124213\" style=\"width: 460px\" class=\"wp-caption aligncenter\"><img aria-describedby=\"caption-attachment-124213\" loading=\"lazy\" class=\"size-full wp-image-124213\" title=\"Emelec enfrentar\u00e1 a la Universidad Cat\u00f3lica en Quito.\" src=\"http:\/\/media.ecuadortimes.net\/2013\/08\/emelec-universidad-catolica-enfrentan-partido-atractivo-l1.jpg\" alt=\"Emelec enfrentar\u00e1 a la Universidad Cat\u00f3lica en Quito.\" width=\"450\" height=\"368\" \/><p id=\"caption-attachment-124213\" class=\"wp-caption-text\">Emelec enfrentar\u00e1 a la Universidad Cat\u00f3lica en Quito.<\/p><\/div>\n<p>La octava fecha, adem\u00e1s de los dos partidos mencionados, ma\u00f1ana tambi\u00e9n juegan Liga de Quito vs. Independiente Jos\u00e9 Ter\u00e1n<\/p>\n<p>El s\u00e1bado se enfrentar\u00e1n Macar\u00e1 vs. Deportivo Quevedo y el domingo El Nacional vs. Liga de Loja y Barcelona, que estrena t\u00e9cnico (Luis Soler que reemplaz\u00f3 a Gustavo Costas) vs. Manta.<\/p>\n<p><strong>Tabla de posiciones:<\/strong><\/p>\n<ul>\n<li>Emelec 18 puntos (+9)<\/li>\n<li>Deportivo Quito 16 puntos (+3)<\/li>\n<li>Universidad Cat\u00f3lica 15 puntos (+8)<\/li>\n<li>Manta 13 puntos (-2)<\/li>\n<li>El Nacional 12 puntos (+3)<\/li>\n<li>Independiente 12 puntos (+3)<\/li>\n<li>Deportivo Cuenca 9 puntos<\/li>\n<li>Liga de Quito 6 puntos<\/li>\n<li>Liga de Loja 5 puntos<\/li>\n<li>Barcelona 4 puntos<\/li>\n<li>Macar\u00e1 3 puntos<\/li>\n<li>Deportivo Quevedo 2 puntos<\/li>\n<\/ul>\n","protected":false},"excerpt":{"rendered":"<p>Los azules ser\u00e1n visitantes ma\u00f1ana en Quito, con el objetivo de mantener el liderato del campeonato nacional, aunque ambos planteles son presionados por Deportivo Quito, que esta a dos puntos del equipo el\u00e9ctrico y uno de los camaratas y tambi\u00e9n juegan de visita, pero en Cuenca. La octava fecha, adem\u00e1s de los dos partidos mencionados, ma\u00f1ana tambi\u00e9n juegan Liga de Quito vs. Independiente Jos\u00e9 Ter\u00e1n El s\u00e1bado se enfrentar\u00e1n Macar\u00e1 vs. Deportivo Quevedo y el domingo El Nacional vs. Liga de Loja y Barcelona, que estrena t\u00e9cnico (Luis Soler que reemplaz\u00f3 a Gustavo Costas) vs. Manta. Tabla de posiciones: Emelec 18 puntos (+9) Deportivo Quito 16 puntos (+3) Universidad Cat\u00f3lica 15 puntos (+8) Manta 13 puntos (-2) El Nacional 12 puntos (+3) Independiente 12 puntos (+3) Deportivo Cuenca 9 puntos Liga de Quito 6 puntos Liga de Loja 5 puntos Barcelona 4 puntos Macar\u00e1 3 puntos Deportivo Quevedo 2 puntos<\/p>\n","protected":false},"author":1,"featured_media":220311,"comment_status":"open","ping_status":"open","sticky":false,"template":"","format":"standard","meta":[],"categories":[38,37],"tags":[],"_links":{"self":[{"href":"https:\/\/www.ecuadortimes.net\/es\/wp-json\/wp\/v2\/posts\/220310"}],"collection":[{"href":"https:\/\/www.ecuadortimes.net\/es\/wp-json\/wp\/v2\/posts"}],"about":[{"href":"https:\/\/www.ecuadortimes.net\/es\/wp-json\/wp\/v2\/types\/post"}],"author":[{"embeddable":true,"href":"https:\/\/www.ecuadortimes.net\/es\/wp-json\/wp\/v2\/users\/1"}],"replies":[{"embeddable":true,"href":"https:\/\/www.ecuadortimes.net\/es\/wp-json\/wp\/v2\/comments?post=220310"}],"version-history":[{"count":0,"href":"https:\/\/www.ecuadortimes.net\/es\/wp-json\/wp\/v2\/posts\/220310\/revisions"}],"wp:featuredmedia":[{"embeddable":true,"href":"https:\/\/www.ecuadortimes.net\/es\/wp-json\/wp\/v2\/media\/220311"}],"wp:attachment":[{"href":"https:\/\/www.ecuadortimes.net\/es\/wp-json\/wp\/v2\/media?parent=220310"}],"wp:term":[{"taxonomy":"category","embeddable":true,"href":"https:\/\/www.ecuadortimes.net\/es\/wp-json\/wp\/v2\/categories?post=220310"},{"taxonomy":"post_tag","embeddable":true,"href":"https:\/\/www.ecuadortimes.net\/es\/wp-json\/wp\/v2\/tags?post=220310"}],"curies":[{"name":"wp","href":"https:\/\/api.w.org\/{rel}","templated":true}]}}