{"id":220314,"date":"2013-08-15T00:00:00","date_gmt":"2013-08-15T00:00:00","guid":{"rendered":"https:\/\/www.ecuadortimes.net\/es\/ecuador-en-desacuerdo-con-ee-uu-sobre-nuevo-arancel-al-camaron\/"},"modified":"2013-08-15T00:00:00","modified_gmt":"2013-08-15T00:00:00","slug":"ecuador-en-desacuerdo-con-ee-uu-sobre-nuevo-arancel-al-camaron","status":"publish","type":"post","link":"https:\/\/www.ecuadortimes.net\/es\/ecuador-en-desacuerdo-con-ee-uu-sobre-nuevo-arancel-al-camaron\/","title":{"rendered":"Ecuador en desacuerdo con EE.UU. sobre nuevo arancel al camar\u00f3n"},"content":{"rendered":"<p><strong>Luego de que en la noche del pasado mi\u00e9rcoles, el Departamento de Comercio de EE.UU. emitiera un comunicado en el que se decide imponer un arancel antisubsidio del 13,5% para las exportaciones de camar\u00f3n ecuatoriano, el cual ingresaba sin tasa a ese mercado, autoridades y representantes del sector exportador rechazan la medida.<\/strong><\/p>\n<p><strong>El ministro Coordinador de la Producci\u00f3n, Empleo y Competitividad, Richard Espinoza, anunci\u00f3 que &#8220;estamos absolutamente en desacuerdo con una resoluci\u00f3n tomada por Estados Unidos, al decir que se le ha estado dando subsidios al camar\u00f3n, lo cual es totalmente falso&#8221;.<\/strong><\/p>\n<p>El gobierno ecuatoriano tiene una semana para definir si apelar\u00e1 la resoluci\u00f3n norteamericana o si presenta una queja formal a la Organizaci\u00f3n Mundial de Comercio (OMC). Miembros de la C\u00e1mara Nacional de Acuacultura (CNA) se reunir\u00e1n hoy con la embajadora de Ecuador en Estados Unidos, Nathalie Cely, y el ministro de Comercio Exterior, Francisco Rivadeneira.<\/p>\n<p>En diciembre pasado, la Coalici\u00f3n de Industrias de Camar\u00f3n del Golfo, agremiaci\u00f3n estadounidense, denunci\u00f3 al Ecuador y a varios otros pa\u00edses, de usar subsidios que abarataban su producci\u00f3n y generaban una supuesta competencia desleal.<\/p>\n<div id=\"attachment_124237\" style=\"width: 460px\" class=\"wp-caption aligncenter\"><img aria-describedby=\"caption-attachment-124237\" loading=\"lazy\" class=\"size-full wp-image-124237\" title=\"De ahora en adelante los camarones ecuatorianos entrar\u00e1n a Estados Unidos con un arancel antisubsidio del 13,5%.\" src=\"http:\/\/media.ecuadortimes.net\/2013\/08\/camarones-nuevo-arancel-eeuu-ecuador-l1.jpg\" alt=\"De ahora en adelante los camarones ecuatorianos entrar\u00e1n a Estados Unidos con un arancel antisubsidio del 13,5%.\" width=\"450\" height=\"327\" \/><p id=\"caption-attachment-124237\" class=\"wp-caption-text\">De ahora en adelante los camarones ecuatorianos entrar\u00e1n a Estados Unidos con un arancel antisubsidio del 13,5%.<\/p><\/div>\n","protected":false},"excerpt":{"rendered":"<p>Luego de que en la noche del pasado mi\u00e9rcoles, el Departamento de Comercio de EE.UU. emitiera un comunicado en el que se decide imponer un arancel antisubsidio del 13,5% para las exportaciones de camar\u00f3n ecuatoriano, el cual ingresaba sin tasa a ese mercado, autoridades y representantes del sector exportador rechazan la medida. El ministro Coordinador de la Producci\u00f3n, Empleo y Competitividad, Richard Espinoza, anunci\u00f3 que &#8220;estamos absolutamente en desacuerdo con una resoluci\u00f3n tomada por Estados Unidos, al decir que se le ha estado dando subsidios al camar\u00f3n, lo cual es totalmente falso&#8221;. El gobierno ecuatoriano tiene una semana para definir si apelar\u00e1 la resoluci\u00f3n norteamericana o si presenta una queja formal a la Organizaci\u00f3n Mundial de Comercio (OMC). Miembros de la C\u00e1mara Nacional de Acuacultura (CNA) se reunir\u00e1n hoy con la embajadora de Ecuador en Estados Unidos, Nathalie Cely, y el ministro de Comercio Exterior, Francisco Rivadeneira. En diciembre pasado, la Coalici\u00f3n de Industrias de Camar\u00f3n del Golfo, agremiaci\u00f3n estadounidense, denunci\u00f3 al Ecuador y a varios otros pa\u00edses, de usar subsidios que abarataban su producci\u00f3n y generaban una supuesta competencia desleal.<\/p>\n","protected":false},"author":1,"featured_media":220315,"comment_status":"open","ping_status":"open","sticky":false,"template":"","format":"standard","meta":[],"categories":[43,37],"tags":[],"_links":{"self":[{"href":"https:\/\/www.ecuadortimes.net\/es\/wp-json\/wp\/v2\/posts\/220314"}],"collection":[{"href":"https:\/\/www.ecuadortimes.net\/es\/wp-json\/wp\/v2\/posts"}],"about":[{"href":"https:\/\/www.ecuadortimes.net\/es\/wp-json\/wp\/v2\/types\/post"}],"author":[{"embeddable":true,"href":"https:\/\/www.ecuadortimes.net\/es\/wp-json\/wp\/v2\/users\/1"}],"replies":[{"embeddable":true,"href":"https:\/\/www.ecuadortimes.net\/es\/wp-json\/wp\/v2\/comments?post=220314"}],"version-history":[{"count":0,"href":"https:\/\/www.ecuadortimes.net\/es\/wp-json\/wp\/v2\/posts\/220314\/revisions"}],"wp:featuredmedia":[{"embeddable":true,"href":"https:\/\/www.ecuadortimes.net\/es\/wp-json\/wp\/v2\/media\/220315"}],"wp:attachment":[{"href":"https:\/\/www.ecuadortimes.net\/es\/wp-json\/wp\/v2\/media?parent=220314"}],"wp:term":[{"taxonomy":"category","embeddable":true,"href":"https:\/\/www.ecuadortimes.net\/es\/wp-json\/wp\/v2\/categories?post=220314"},{"taxonomy":"post_tag","embeddable":true,"href":"https:\/\/www.ecuadortimes.net\/es\/wp-json\/wp\/v2\/tags?post=220314"}],"curies":[{"name":"wp","href":"https:\/\/api.w.org\/{rel}","templated":true}]}}