{"id":220316,"date":"2013-08-15T00:00:00","date_gmt":"2013-08-15T00:00:00","guid":{"rendered":"https:\/\/www.ecuadortimes.net\/es\/alianza-pais-debatira-el-controversial-linchamiento-mediatico\/"},"modified":"2013-08-15T00:00:00","modified_gmt":"2013-08-15T00:00:00","slug":"alianza-pais-debatira-el-controversial-linchamiento-mediatico","status":"publish","type":"post","link":"https:\/\/www.ecuadortimes.net\/es\/alianza-pais-debatira-el-controversial-linchamiento-mediatico\/","title":{"rendered":"Alianza Pa\u00eds debatir\u00e1 el controversial linchamiento medi\u00e1tico"},"content":{"rendered":"<div id=\"attachment_124246\" style=\"width: 310px\" class=\"wp-caption alignright\"><img aria-describedby=\"caption-attachment-124246\" loading=\"lazy\" class=\"size-medium wp-image-124246\" title=\"Gina Godoy\" src=\"http:\/\/media.ecuadortimes.net\/2013\/08\/Gina-Godoy3-300x225.jpg\" alt=\"Gina Godoy\" width=\"300\" height=\"225\" \/><p id=\"caption-attachment-124246\" class=\"wp-caption-text\">Gina Godoy<\/p><\/div>\n<p><strong>Gina Godoy (AP), actual presidenta de la Comisi\u00f3n de Justicia de la Asamblea anunci\u00f3 el mi\u00e9rcoles pasado, que el an\u00e1lisis sobre el linchamiento medi\u00e1tico como delito penal ser\u00e1 estudiado por el bur\u00f3 de Alianza Pa\u00eds (AP)<\/strong>. Despu\u00e9s se tratar\u00e1 en la Comisi\u00f3n de Justicia donde se discute el nuevo C\u00f3digo Penal Integral.<\/p>\n<p>De acuerdo con Godoy no se descarta que el C\u00f3digo Integral Penal incluya esta figura, pero bajo otra condici\u00f3n: <strong><em>se puede acoger como la mala pr\u00e1ctica profesional<\/em><\/strong>\u009d.<\/p>\n<p>Para el l\u00edder del r\u00e9gimen, Rafael Correa, el linchamiento medi\u00e1tico <strong><em>es un delito sucesivo en el tiempo, y no un acto puntual como la injuria, pero si a diario se me injuria estoy en desamparo<\/em><\/strong>\u009d.<\/p>\n<p>El mandatario expuso que los t\u00edtulos de los trabajos fueron un claro reflejo de lo que hacen la prensa (corrupta): Sandra: la ministra Xerox\u009d, La Rep\u00fablica del papel carb\u00f3n\u009d, El atraco de la mochila escolar\u009d, los que us\u00f3 de ejemplo para exponer su punto.<\/p>\n","protected":false},"excerpt":{"rendered":"<p>Gina Godoy (AP), actual presidenta de la Comisi\u00f3n de Justicia de la Asamblea anunci\u00f3 el mi\u00e9rcoles pasado, que el an\u00e1lisis sobre el linchamiento medi\u00e1tico como delito penal ser\u00e1 estudiado por el bur\u00f3 de Alianza Pa\u00eds (AP). Despu\u00e9s se tratar\u00e1 en la Comisi\u00f3n de Justicia donde se discute el nuevo C\u00f3digo Penal Integral. De acuerdo con Godoy no se descarta que el C\u00f3digo Integral Penal incluya esta figura, pero bajo otra condici\u00f3n: se puede acoger como la mala pr\u00e1ctica profesional\u009d. Para el l\u00edder del r\u00e9gimen, Rafael Correa, el linchamiento medi\u00e1tico es un delito sucesivo en el tiempo, y no un acto puntual como la injuria, pero si a diario se me injuria estoy en desamparo\u009d. El mandatario expuso que los t\u00edtulos de los trabajos fueron un claro reflejo de lo que hacen la prensa (corrupta): Sandra: la ministra Xerox\u009d, La Rep\u00fablica del papel carb\u00f3n\u009d, El atraco de la mochila escolar\u009d, los que us\u00f3 de ejemplo para exponer su punto.<\/p>\n","protected":false},"author":1,"featured_media":220317,"comment_status":"open","ping_status":"open","sticky":false,"template":"","format":"standard","meta":[],"categories":[40,37],"tags":[],"_links":{"self":[{"href":"https:\/\/www.ecuadortimes.net\/es\/wp-json\/wp\/v2\/posts\/220316"}],"collection":[{"href":"https:\/\/www.ecuadortimes.net\/es\/wp-json\/wp\/v2\/posts"}],"about":[{"href":"https:\/\/www.ecuadortimes.net\/es\/wp-json\/wp\/v2\/types\/post"}],"author":[{"embeddable":true,"href":"https:\/\/www.ecuadortimes.net\/es\/wp-json\/wp\/v2\/users\/1"}],"replies":[{"embeddable":true,"href":"https:\/\/www.ecuadortimes.net\/es\/wp-json\/wp\/v2\/comments?post=220316"}],"version-history":[{"count":0,"href":"https:\/\/www.ecuadortimes.net\/es\/wp-json\/wp\/v2\/posts\/220316\/revisions"}],"wp:featuredmedia":[{"embeddable":true,"href":"https:\/\/www.ecuadortimes.net\/es\/wp-json\/wp\/v2\/media\/220317"}],"wp:attachment":[{"href":"https:\/\/www.ecuadortimes.net\/es\/wp-json\/wp\/v2\/media?parent=220316"}],"wp:term":[{"taxonomy":"category","embeddable":true,"href":"https:\/\/www.ecuadortimes.net\/es\/wp-json\/wp\/v2\/categories?post=220316"},{"taxonomy":"post_tag","embeddable":true,"href":"https:\/\/www.ecuadortimes.net\/es\/wp-json\/wp\/v2\/tags?post=220316"}],"curies":[{"name":"wp","href":"https:\/\/api.w.org\/{rel}","templated":true}]}}