{"id":220319,"date":"2013-08-15T00:00:00","date_gmt":"2013-08-15T00:00:00","guid":{"rendered":"https:\/\/www.ecuadortimes.net\/es\/nuevos-dialogos-de-paz-entre-israel-y-palestina\/"},"modified":"2013-08-15T00:00:00","modified_gmt":"2013-08-15T00:00:00","slug":"nuevos-dialogos-de-paz-entre-israel-y-palestina","status":"publish","type":"post","link":"https:\/\/www.ecuadortimes.net\/es\/nuevos-dialogos-de-paz-entre-israel-y-palestina\/","title":{"rendered":"Nuevos di\u00e1logos de paz entre Israel y Palestina"},"content":{"rendered":"<p><strong>El mi\u00e9rcoles pasado por primera vez en casi cinco a\u00f1os, israel\u00edes y palestinos iniciaron sus primeras conversaciones formales de paz en un nuevo esfuerzo por poner fin a d\u00e9cadas de conflicto.<\/strong><\/p>\n<p><strong>El gobierno israel\u00ed dio a conocer un breve video en el que se ve a los principales negociadores, Yitzhak Molcho y Tzipi Livni, de Israel; y Saeb Erekat, de los palestinos, estrech\u00e1ndose las manos en un sitio no revelado, aunque presuntamente se trataba de Jerusal\u00e9n, seg\u00fan un funcionario israel\u00ed.<\/strong><\/p>\n<p>La reuni\u00f3n comenz\u00f3 apenas horas despu\u00e9s de la excarcelaci\u00f3n de 26 prisioneros palestinos por Israel, descrita como la primera de cuatro a realizarse en los pr\u00f3ximos meses, como gesto de buena voluntad para el proceso de di\u00e1logo.<\/p>\n<p>Sin embargo, un alto funcionario palestino advirti\u00f3 el mi\u00e9rcoles que las negociaciones podr\u00edan colapsar r\u00e1pidamente debido a la continua construcci\u00f3n de asentamientos jud\u00edos en territorios conquistados en la guerra de 1967 y que los palestinos reclaman como parte de un futuro estado.<\/p>\n","protected":false},"excerpt":{"rendered":"<p>El mi\u00e9rcoles pasado por primera vez en casi cinco a\u00f1os, israel\u00edes y palestinos iniciaron sus primeras conversaciones formales de paz en un nuevo esfuerzo por poner fin a d\u00e9cadas de conflicto. El gobierno israel\u00ed dio a conocer un breve video en el que se ve a los principales negociadores, Yitzhak Molcho y Tzipi Livni, de Israel; y Saeb Erekat, de los palestinos, estrech\u00e1ndose las manos en un sitio no revelado, aunque presuntamente se trataba de Jerusal\u00e9n, seg\u00fan un funcionario israel\u00ed. La reuni\u00f3n comenz\u00f3 apenas horas despu\u00e9s de la excarcelaci\u00f3n de 26 prisioneros palestinos por Israel, descrita como la primera de cuatro a realizarse en los pr\u00f3ximos meses, como gesto de buena voluntad para el proceso de di\u00e1logo. Sin embargo, un alto funcionario palestino advirti\u00f3 el mi\u00e9rcoles que las negociaciones podr\u00edan colapsar r\u00e1pidamente debido a la continua construcci\u00f3n de asentamientos jud\u00edos en territorios conquistados en la guerra de 1967 y que los palestinos reclaman como parte de un futuro estado.<\/p>\n","protected":false},"author":1,"featured_media":220320,"comment_status":"open","ping_status":"open","sticky":false,"template":"","format":"standard","meta":[],"categories":[50,34,37],"tags":[],"_links":{"self":[{"href":"https:\/\/www.ecuadortimes.net\/es\/wp-json\/wp\/v2\/posts\/220319"}],"collection":[{"href":"https:\/\/www.ecuadortimes.net\/es\/wp-json\/wp\/v2\/posts"}],"about":[{"href":"https:\/\/www.ecuadortimes.net\/es\/wp-json\/wp\/v2\/types\/post"}],"author":[{"embeddable":true,"href":"https:\/\/www.ecuadortimes.net\/es\/wp-json\/wp\/v2\/users\/1"}],"replies":[{"embeddable":true,"href":"https:\/\/www.ecuadortimes.net\/es\/wp-json\/wp\/v2\/comments?post=220319"}],"version-history":[{"count":0,"href":"https:\/\/www.ecuadortimes.net\/es\/wp-json\/wp\/v2\/posts\/220319\/revisions"}],"wp:featuredmedia":[{"embeddable":true,"href":"https:\/\/www.ecuadortimes.net\/es\/wp-json\/wp\/v2\/media\/220320"}],"wp:attachment":[{"href":"https:\/\/www.ecuadortimes.net\/es\/wp-json\/wp\/v2\/media?parent=220319"}],"wp:term":[{"taxonomy":"category","embeddable":true,"href":"https:\/\/www.ecuadortimes.net\/es\/wp-json\/wp\/v2\/categories?post=220319"},{"taxonomy":"post_tag","embeddable":true,"href":"https:\/\/www.ecuadortimes.net\/es\/wp-json\/wp\/v2\/tags?post=220319"}],"curies":[{"name":"wp","href":"https:\/\/api.w.org\/{rel}","templated":true}]}}