{"id":220323,"date":"2013-08-15T00:00:00","date_gmt":"2013-08-15T00:00:00","guid":{"rendered":"https:\/\/www.ecuadortimes.net\/es\/olas-de-calor-podrian-durar-hasta-el-2040\/"},"modified":"2013-08-15T00:00:00","modified_gmt":"2013-08-15T00:00:00","slug":"olas-de-calor-podrian-durar-hasta-el-2040","status":"publish","type":"post","link":"https:\/\/www.ecuadortimes.net\/es\/olas-de-calor-podrian-durar-hasta-el-2040\/","title":{"rendered":"Olas de calor podr\u00edan durar hasta el 2040"},"content":{"rendered":"<p><img loading=\"lazy\" class=\" wp-image-124289 alignright\" title=\"Screen Shot 2013-08-15 at 14.52.08\" src=\"http:\/\/media.ecuadortimes.net\/2013\/08\/Screen-Shot-2013-08-15-at-14.52.081.png\" alt=\"\" width=\"294\" height=\"197\" \/>De acuerdo con un estudio de la revista cient\u00edfica Environmental Research Letters publicado hoy, las olas de calor en la tierra ser\u00e1n cada vez m\u00e1s fuertes y frecuentes en los pr\u00f3ximos 30 a\u00f1os, especialmente en regiones como Sud\u00e1merica, \u00c3\u0081frica y Europa.<\/p>\n<p>Dim Coumou, del Instituto Potsdam, que investiga el impacto del cambio clim\u00e1tico, indica: &#8220;Estos episodios extremos pueden tener un impacto muy da\u00f1ino en la sociedad y los ecosistemas, causando muertes ligadas al calor, incendios forestales, p\u00e9rdidas de producci\u00f3n agr\u00edcola&#8221;.<\/p>\n<p>Las olas de calor excepcionales, como las que afectaron a Europa (2003) y a Estados Unidos (2012), van a afectar al doble de zonas en 2020, es decir, el 10% de la superficie terrestre del globo. En 2040, 20% de las tierras del planeta se ver\u00e1n afectadas.<\/p>\n<p>Despu\u00e9s de esta fecha, depender\u00e1 de la cantidad de GES que se emitan a la atm\u00f3sfera. Si las emisiones son peque\u00f1as y la concentraci\u00f3n de GES en la atm\u00f3sfera no excede los 490 PPM equivalente CO2, el n\u00famero de episodios extremos se estabilizar\u00e1 en torno a los niveles de 2040. Pero si las emisiones incrementan, los episodios 3 sigma afectar\u00e1n al 85% de las zonas del globo en 2100, y los episodios 5 sigma al 60%.<\/p>\n","protected":false},"excerpt":{"rendered":"<p>De acuerdo con un estudio de la revista cient\u00edfica Environmental Research Letters publicado hoy, las olas de calor en la tierra ser\u00e1n cada vez m\u00e1s fuertes y frecuentes en los pr\u00f3ximos 30 a\u00f1os, especialmente en regiones como Sud\u00e1merica, \u00c3\u0081frica y Europa. Dim Coumou, del Instituto Potsdam, que investiga el impacto del cambio clim\u00e1tico, indica: &#8220;Estos episodios extremos pueden tener un impacto muy da\u00f1ino en la sociedad y los ecosistemas, causando muertes ligadas al calor, incendios forestales, p\u00e9rdidas de producci\u00f3n agr\u00edcola&#8221;. Las olas de calor excepcionales, como las que afectaron a Europa (2003) y a Estados Unidos (2012), van a afectar al doble de zonas en 2020, es decir, el 10% de la superficie terrestre del globo. En 2040, 20% de las tierras del planeta se ver\u00e1n afectadas. Despu\u00e9s de esta fecha, depender\u00e1 de la cantidad de GES que se emitan a la atm\u00f3sfera. Si las emisiones son peque\u00f1as y la concentraci\u00f3n de GES en la atm\u00f3sfera no excede los 490 PPM equivalente CO2, el n\u00famero de episodios extremos se estabilizar\u00e1 en torno a los niveles de 2040. Pero si las emisiones incrementan, los episodios 3 sigma afectar\u00e1n al 85% de las zonas del globo en 2100, y los episodios 5 sigma al 60%.<\/p>\n","protected":false},"author":1,"featured_media":0,"comment_status":"open","ping_status":"open","sticky":false,"template":"","format":"standard","meta":[],"categories":[36,37],"tags":[],"_links":{"self":[{"href":"https:\/\/www.ecuadortimes.net\/es\/wp-json\/wp\/v2\/posts\/220323"}],"collection":[{"href":"https:\/\/www.ecuadortimes.net\/es\/wp-json\/wp\/v2\/posts"}],"about":[{"href":"https:\/\/www.ecuadortimes.net\/es\/wp-json\/wp\/v2\/types\/post"}],"author":[{"embeddable":true,"href":"https:\/\/www.ecuadortimes.net\/es\/wp-json\/wp\/v2\/users\/1"}],"replies":[{"embeddable":true,"href":"https:\/\/www.ecuadortimes.net\/es\/wp-json\/wp\/v2\/comments?post=220323"}],"version-history":[{"count":0,"href":"https:\/\/www.ecuadortimes.net\/es\/wp-json\/wp\/v2\/posts\/220323\/revisions"}],"wp:attachment":[{"href":"https:\/\/www.ecuadortimes.net\/es\/wp-json\/wp\/v2\/media?parent=220323"}],"wp:term":[{"taxonomy":"category","embeddable":true,"href":"https:\/\/www.ecuadortimes.net\/es\/wp-json\/wp\/v2\/categories?post=220323"},{"taxonomy":"post_tag","embeddable":true,"href":"https:\/\/www.ecuadortimes.net\/es\/wp-json\/wp\/v2\/tags?post=220323"}],"curies":[{"name":"wp","href":"https:\/\/api.w.org\/{rel}","templated":true}]}}