{"id":220325,"date":"2013-08-15T00:00:00","date_gmt":"2013-08-15T00:00:00","guid":{"rendered":"https:\/\/www.ecuadortimes.net\/es\/anciano-boliviano-asegura-ser-el-hombre-mas-viejo-del-mundo\/"},"modified":"2013-08-15T00:00:00","modified_gmt":"2013-08-15T00:00:00","slug":"anciano-boliviano-asegura-ser-el-hombre-mas-viejo-del-mundo","status":"publish","type":"post","link":"https:\/\/www.ecuadortimes.net\/es\/anciano-boliviano-asegura-ser-el-hombre-mas-viejo-del-mundo\/","title":{"rendered":"Anciano boliviano asegura ser el hombre m\u00e1s viejo del mundo"},"content":{"rendered":"<p><img loading=\"lazy\" class=\"wp-image-124311 alignleft\" title=\"Screen Shot 2013-08-15 at 15.29.33\" src=\"http:\/\/media.ecuadortimes.net\/2013\/08\/Screen-Shot-2013-08-15-at-15.29.331.png\" alt=\"\" width=\"355\" height=\"305\" \/>Registros de nacimiento de Bolivia aseguran que un anciano aymar\u00e1, que vive en un pueblo andino a 4 000 metros de altura, afirma tener 123 a\u00f1os, lo que podr\u00eda convertirlo en la persona m\u00e1s longeva del mundo.<\/p>\n<p>Carmelo Flores Laura declar\u00f3 a la televisi\u00f3n boliviana haber nacido el 16 de julio de 1890. Al ver esto, una comisi\u00f3n de la Gobernaci\u00f3n de La Paz se desplazara a buscarlo este mi\u00e9rcoles en la localidad de Frasqu\u00eda, a unos 150 km al este de La Paz, cerca del Lago Titicaca.<\/p>\n<p>La Gobernaci\u00f3n del Departamento de La Paz envi\u00f3 una copia de los documentos a la AFP, los cuales el anciano entreg\u00f3 a la entidad estatal alegantdo haber tramitado muchos a\u00f1os despu\u00e9s de su nacimiento. La copia de su c\u00e9dula de indentidad muestran que naci\u00f3 el 16 de julio de 1890.<\/p>\n<p>La Gobernaci\u00f3n tambi\u00e9n inform\u00f3 que de confirmarse la edad del hombre centenario, podr\u00eda iniciar un proceso &#8220;para incluirlo en el libro de los r\u00e9cords Guiness&#8221; como el hombre m\u00e1s longevo del mundo.<\/p>\n","protected":false},"excerpt":{"rendered":"<p>Registros de nacimiento de Bolivia aseguran que un anciano aymar\u00e1, que vive en un pueblo andino a 4 000 metros de altura, afirma tener 123 a\u00f1os, lo que podr\u00eda convertirlo en la persona m\u00e1s longeva del mundo. Carmelo Flores Laura declar\u00f3 a la televisi\u00f3n boliviana haber nacido el 16 de julio de 1890. Al ver esto, una comisi\u00f3n de la Gobernaci\u00f3n de La Paz se desplazara a buscarlo este mi\u00e9rcoles en la localidad de Frasqu\u00eda, a unos 150 km al este de La Paz, cerca del Lago Titicaca. La Gobernaci\u00f3n del Departamento de La Paz envi\u00f3 una copia de los documentos a la AFP, los cuales el anciano entreg\u00f3 a la entidad estatal alegantdo haber tramitado muchos a\u00f1os despu\u00e9s de su nacimiento. La copia de su c\u00e9dula de indentidad muestran que naci\u00f3 el 16 de julio de 1890. La Gobernaci\u00f3n tambi\u00e9n inform\u00f3 que de confirmarse la edad del hombre centenario, podr\u00eda iniciar un proceso &#8220;para incluirlo en el libro de los r\u00e9cords Guiness&#8221; como el hombre m\u00e1s longevo del mundo.<\/p>\n","protected":false},"author":1,"featured_media":0,"comment_status":"open","ping_status":"open","sticky":false,"template":"","format":"standard","meta":[],"categories":[36,37],"tags":[],"_links":{"self":[{"href":"https:\/\/www.ecuadortimes.net\/es\/wp-json\/wp\/v2\/posts\/220325"}],"collection":[{"href":"https:\/\/www.ecuadortimes.net\/es\/wp-json\/wp\/v2\/posts"}],"about":[{"href":"https:\/\/www.ecuadortimes.net\/es\/wp-json\/wp\/v2\/types\/post"}],"author":[{"embeddable":true,"href":"https:\/\/www.ecuadortimes.net\/es\/wp-json\/wp\/v2\/users\/1"}],"replies":[{"embeddable":true,"href":"https:\/\/www.ecuadortimes.net\/es\/wp-json\/wp\/v2\/comments?post=220325"}],"version-history":[{"count":0,"href":"https:\/\/www.ecuadortimes.net\/es\/wp-json\/wp\/v2\/posts\/220325\/revisions"}],"wp:attachment":[{"href":"https:\/\/www.ecuadortimes.net\/es\/wp-json\/wp\/v2\/media?parent=220325"}],"wp:term":[{"taxonomy":"category","embeddable":true,"href":"https:\/\/www.ecuadortimes.net\/es\/wp-json\/wp\/v2\/categories?post=220325"},{"taxonomy":"post_tag","embeddable":true,"href":"https:\/\/www.ecuadortimes.net\/es\/wp-json\/wp\/v2\/tags?post=220325"}],"curies":[{"name":"wp","href":"https:\/\/api.w.org\/{rel}","templated":true}]}}