{"id":220328,"date":"2013-08-16T00:00:00","date_gmt":"2013-08-16T00:00:00","guid":{"rendered":"https:\/\/www.ecuadortimes.net\/es\/olinguito-un-nuevo-mamifero-carnivoro\/"},"modified":"2013-08-16T00:00:00","modified_gmt":"2013-08-16T00:00:00","slug":"olinguito-un-nuevo-mamifero-carnivoro","status":"publish","type":"post","link":"https:\/\/www.ecuadortimes.net\/es\/olinguito-un-nuevo-mamifero-carnivoro\/","title":{"rendered":"Olinguito, un nuevo mam\u00edfero carn\u00edvoro"},"content":{"rendered":"<p><a href=\"http:\/\/www.ecuadortimes.net\/es\/2013\/08\/16\/olinguito-un-nuevo-mamifero-carnivoro\/olinguito\/\" rel=\"attachment wp-att-124329\"><img loading=\"lazy\" class=\"alignleft size-full wp-image-124329\" title=\"olinguito\" src=\"http:\/\/media.ecuadortimes.net\/2013\/08\/olinguito.jpg\" alt=\"\" width=\"340\" height=\"256\" \/><\/a><strong>Su nombre es olinguito, habita en los bosques de niebla de Colombia y Ecuador y se ha convertido en el protagonista de un importante descubrimiento cient\u00edfico<\/strong> por ser la una nueva especie de carn\u00edvoro que se identifica en el hemisferio occidental en 35 a\u00f1os.<\/p>\n<p><strong>Este nuevo miembro de la familia de los carn\u00edvoros luce como una mezcla de gato dom\u00e9stico y oso de felpa,<\/strong> y seg\u00fan los cient\u00edficos pertenece a la familia de los Proyonidae, la misma de los mapaches, coat\u00edes Kinkajous y olingos.<\/p>\n<p>&#8220;El descubrimiento del olinguito nos recuerda que todav\u00eda no se ha explorado todo el mundo y algunos de sus secretos m\u00e1s b\u00e1sicos todav\u00eda no se han revelado&#8221;, indic\u00f3 el curador de mam\u00edferos en el Museo Nacional de Historia Natural del Instituto Smithsonian en Washington, Kristofer Helgen.<\/p>\n<p><strong>Durante la investigaci\u00f3n se comprob\u00f3 adem\u00e1s que el olinguito vive a\u00fan en un \u00e1rea \u00fanica del norte de los Andes, a alturas de 1 500 a 2 700 metros sobre el nivel del mar, mucho m\u00e1s altas que el h\u00e1bitat de las especies de olingo conocidas.<\/strong><\/p>\n","protected":false},"excerpt":{"rendered":"<p>Su nombre es olinguito, habita en los bosques de niebla de Colombia y Ecuador y se ha convertido en el protagonista de un importante descubrimiento cient\u00edfico por ser la una nueva especie de carn\u00edvoro que se identifica en el hemisferio occidental en 35 a\u00f1os. Este nuevo miembro de la familia de los carn\u00edvoros luce como una mezcla de gato dom\u00e9stico y oso de felpa, y seg\u00fan los cient\u00edficos pertenece a la familia de los Proyonidae, la misma de los mapaches, coat\u00edes Kinkajous y olingos. &#8220;El descubrimiento del olinguito nos recuerda que todav\u00eda no se ha explorado todo el mundo y algunos de sus secretos m\u00e1s b\u00e1sicos todav\u00eda no se han revelado&#8221;, indic\u00f3 el curador de mam\u00edferos en el Museo Nacional de Historia Natural del Instituto Smithsonian en Washington, Kristofer Helgen. Durante la investigaci\u00f3n se comprob\u00f3 adem\u00e1s que el olinguito vive a\u00fan en un \u00e1rea \u00fanica del norte de los Andes, a alturas de 1 500 a 2 700 metros sobre el nivel del mar, mucho m\u00e1s altas que el h\u00e1bitat de las especies de olingo conocidas.<\/p>\n","protected":false},"author":1,"featured_media":220329,"comment_status":"open","ping_status":"open","sticky":false,"template":"","format":"standard","meta":[],"categories":[36,37],"tags":[],"_links":{"self":[{"href":"https:\/\/www.ecuadortimes.net\/es\/wp-json\/wp\/v2\/posts\/220328"}],"collection":[{"href":"https:\/\/www.ecuadortimes.net\/es\/wp-json\/wp\/v2\/posts"}],"about":[{"href":"https:\/\/www.ecuadortimes.net\/es\/wp-json\/wp\/v2\/types\/post"}],"author":[{"embeddable":true,"href":"https:\/\/www.ecuadortimes.net\/es\/wp-json\/wp\/v2\/users\/1"}],"replies":[{"embeddable":true,"href":"https:\/\/www.ecuadortimes.net\/es\/wp-json\/wp\/v2\/comments?post=220328"}],"version-history":[{"count":0,"href":"https:\/\/www.ecuadortimes.net\/es\/wp-json\/wp\/v2\/posts\/220328\/revisions"}],"wp:featuredmedia":[{"embeddable":true,"href":"https:\/\/www.ecuadortimes.net\/es\/wp-json\/wp\/v2\/media\/220329"}],"wp:attachment":[{"href":"https:\/\/www.ecuadortimes.net\/es\/wp-json\/wp\/v2\/media?parent=220328"}],"wp:term":[{"taxonomy":"category","embeddable":true,"href":"https:\/\/www.ecuadortimes.net\/es\/wp-json\/wp\/v2\/categories?post=220328"},{"taxonomy":"post_tag","embeddable":true,"href":"https:\/\/www.ecuadortimes.net\/es\/wp-json\/wp\/v2\/tags?post=220328"}],"curies":[{"name":"wp","href":"https:\/\/api.w.org\/{rel}","templated":true}]}}